{"@context":"https:\/\/schema.org\/","@type":"CollectionPage","@id":"https:\/\/presbytie-lasik.fr\/cat\u00e9gory\/la-secheresse-oculaire\/#CollectionPage","headline":"La s\u00e9cheresse oculaire Category","description":"","url":"https:\/\/presbytie-lasik.fr\/cat\u00e9gory\/la-secheresse-oculaire\/","hasPart":[{"@type":"BlogPosting","@id":"https:\/\/presbytie-lasik.fr\/quest-ce-que-ophtawiki\/","headline":"Qu&rsquo;est-ce que Ophtawiki?","url":"https:\/\/presbytie-lasik.fr\/quest-ce-que-ophtawiki\/","datePublished":"2022-11-10","dateModified":"2023-08-26","mainEntityOfPage":"https:\/\/presbytie-lasik.fr\/quest-ce-que-ophtawiki\/","author":{"@type":"Person","@id":"https:\/\/presbytie-lasik.fr\/author\/catherine-albou-ganem\/#Person","name":"Catherine Albou-Ganem","url":"https:\/\/presbytie-lasik.fr\/author\/catherine-albou-ganem\/","identifier":9,"image":{"@type":"ImageObject","@id":"https:\/\/secure.gravatar.com\/avatar\/0cb09e128370b1b0ef94f271d65a66512213f8d3e4c4678a4d35da5eb1a9eb1f?s=96&d=mm&r=g","url":"https:\/\/secure.gravatar.com\/avatar\/0cb09e128370b1b0ef94f271d65a66512213f8d3e4c4678a4d35da5eb1a9eb1f?s=96&d=mm&r=g","height":96,"width":96}},"publisher":{"@type":"Organization","name":"Docteur Catherine Albou-Ganem","logo":{"@type":"ImageObject","@id":"https:\/\/presbytie-lasik.fr\/wp-content\/uploads\/2018\/07\/logoAlbouCouleurPNG-1.png","url":"https:\/\/presbytie-lasik.fr\/wp-content\/uploads\/2018\/07\/logoAlbouCouleurPNG-1.png","width":400,"height":164}},"image":{"@type":"ImageObject","@id":"https:\/\/presbytie-lasik.fr\/wp-content\/uploads\/2022\/11\/Qu-est-ce-que-Ophtawiki-Presbytie-Lasik-Catherine-Albou-Ganem-Paris.jpg","url":"https:\/\/presbytie-lasik.fr\/wp-content\/uploads\/2022\/11\/Qu-est-ce-que-Ophtawiki-Presbytie-Lasik-Catherine-Albou-Ganem-Paris.jpg","height":534,"width":950},"keywords":null},{"@type":"BlogPosting","@id":"https:\/\/presbytie-lasik.fr\/save-the-date\/","headline":"SAVE the DATE","url":"https:\/\/presbytie-lasik.fr\/save-the-date\/","datePublished":"2022-05-15","dateModified":"2022-05-24","mainEntityOfPage":"https:\/\/presbytie-lasik.fr\/save-the-date\/","author":{"@type":"Person","@id":"https:\/\/presbytie-lasik.fr\/author\/catherine-albou-ganem\/#Person","name":"Catherine Albou-Ganem","url":"https:\/\/presbytie-lasik.fr\/author\/catherine-albou-ganem\/","identifier":9,"image":{"@type":"ImageObject","@id":"https:\/\/secure.gravatar.com\/avatar\/0cb09e128370b1b0ef94f271d65a66512213f8d3e4c4678a4d35da5eb1a9eb1f?s=96&d=mm&r=g","url":"https:\/\/secure.gravatar.com\/avatar\/0cb09e128370b1b0ef94f271d65a66512213f8d3e4c4678a4d35da5eb1a9eb1f?s=96&d=mm&r=g","height":96,"width":96}},"publisher":{"@type":"Organization","name":"Docteur Catherine Albou-Ganem","logo":{"@type":"ImageObject","@id":"https:\/\/presbytie-lasik.fr\/wp-content\/uploads\/2018\/07\/logoAlbouCouleurPNG-1.png","url":"https:\/\/presbytie-lasik.fr\/wp-content\/uploads\/2018\/07\/logoAlbouCouleurPNG-1.png","width":400,"height":164}},"image":{"@type":"ImageObject","@id":"https:\/\/presbytie-lasik.fr\/wp-content\/uploads\/2022\/05\/Save-the-date-v2-Presbytie-Lasik-Catherine-Albou-Ganem-Paris.jpg","url":"https:\/\/presbytie-lasik.fr\/wp-content\/uploads\/2022\/05\/Save-the-date-v2-Presbytie-Lasik-Catherine-Albou-Ganem-Paris.jpg","height":450,"width":800},"keywords":null},{"@type":"BlogPosting","@id":"https:\/\/presbytie-lasik.fr\/quels-sont-les-risques-des-traitements-pour-la-secheresse-oculaire\/","headline":"Quels sont les risques des traitements pour la s\u00e9cheresse oculaire ?","url":"https:\/\/presbytie-lasik.fr\/quels-sont-les-risques-des-traitements-pour-la-secheresse-oculaire\/","datePublished":"2022-04-25","dateModified":"2022-05-24","mainEntityOfPage":"https:\/\/presbytie-lasik.fr\/quels-sont-les-risques-des-traitements-pour-la-secheresse-oculaire\/","author":{"@type":"Person","@id":"https:\/\/presbytie-lasik.fr\/author\/catherine-albou-ganem\/#Person","name":"Catherine Albou-Ganem","url":"https:\/\/presbytie-lasik.fr\/author\/catherine-albou-ganem\/","identifier":9,"image":{"@type":"ImageObject","@id":"https:\/\/secure.gravatar.com\/avatar\/0cb09e128370b1b0ef94f271d65a66512213f8d3e4c4678a4d35da5eb1a9eb1f?s=96&d=mm&r=g","url":"https:\/\/secure.gravatar.com\/avatar\/0cb09e128370b1b0ef94f271d65a66512213f8d3e4c4678a4d35da5eb1a9eb1f?s=96&d=mm&r=g","height":96,"width":96}},"publisher":{"@type":"Organization","name":"Docteur Catherine Albou-Ganem","logo":{"@type":"ImageObject","@id":"https:\/\/presbytie-lasik.fr\/wp-content\/uploads\/2018\/07\/logoAlbouCouleurPNG-1.png","url":"https:\/\/presbytie-lasik.fr\/wp-content\/uploads\/2018\/07\/logoAlbouCouleurPNG-1.png","width":400,"height":164}},"image":{"@type":"ImageObject","@id":"https:\/\/presbytie-lasik.fr\/wp-content\/uploads\/2022\/02\/Quels-sont-les-risques-des-traitements-pour-la-se\u0301cheresse-oculaire-Presbytie-Lasik-Catherine-Albou-Ganem-Paris.jpg","url":"https:\/\/presbytie-lasik.fr\/wp-content\/uploads\/2022\/02\/Quels-sont-les-risques-des-traitements-pour-la-se\u0301cheresse-oculaire-Presbytie-Lasik-Catherine-Albou-Ganem-Paris.jpg","height":450,"width":800},"keywords":null},{"@type":"BlogPosting","@id":"https:\/\/presbytie-lasik.fr\/quels-sont-les-benefices-que-ressentent-les-patients-apres-les-traitements-pour-la-secheresse-oculaire\/","headline":"Quels sont les b\u00e9n\u00e9fices que ressentent les patients apr\u00e8s les traitements pour la s\u00e9cheresse oculaire ?","url":"https:\/\/presbytie-lasik.fr\/quels-sont-les-benefices-que-ressentent-les-patients-apres-les-traitements-pour-la-secheresse-oculaire\/","datePublished":"2022-04-25","dateModified":"2022-05-24","mainEntityOfPage":"https:\/\/presbytie-lasik.fr\/quels-sont-les-benefices-que-ressentent-les-patients-apres-les-traitements-pour-la-secheresse-oculaire\/","author":{"@type":"Person","@id":"https:\/\/presbytie-lasik.fr\/author\/catherine-albou-ganem\/#Person","name":"Catherine Albou-Ganem","url":"https:\/\/presbytie-lasik.fr\/author\/catherine-albou-ganem\/","identifier":9,"image":{"@type":"ImageObject","@id":"https:\/\/secure.gravatar.com\/avatar\/0cb09e128370b1b0ef94f271d65a66512213f8d3e4c4678a4d35da5eb1a9eb1f?s=96&d=mm&r=g","url":"https:\/\/secure.gravatar.com\/avatar\/0cb09e128370b1b0ef94f271d65a66512213f8d3e4c4678a4d35da5eb1a9eb1f?s=96&d=mm&r=g","height":96,"width":96}},"publisher":{"@type":"Organization","name":"Docteur Catherine Albou-Ganem","logo":{"@type":"ImageObject","@id":"https:\/\/presbytie-lasik.fr\/wp-content\/uploads\/2018\/07\/logoAlbouCouleurPNG-1.png","url":"https:\/\/presbytie-lasik.fr\/wp-content\/uploads\/2018\/07\/logoAlbouCouleurPNG-1.png","width":400,"height":164}},"image":{"@type":"ImageObject","@id":"https:\/\/presbytie-lasik.fr\/wp-content\/uploads\/2022\/02\/Quels-sont-les-be\u0301ne\u0301fices-que-ressentent-les-patients-apre\u0300s-les-traitements-pour-la-se\u0301cheresse-oculaire-Presbytie-Lasik-Catherine-Albou-Ganem-Paris.jpg","url":"https:\/\/presbytie-lasik.fr\/wp-content\/uploads\/2022\/02\/Quels-sont-les-be\u0301ne\u0301fices-que-ressentent-les-patients-apre\u0300s-les-traitements-pour-la-se\u0301cheresse-oculaire-Presbytie-Lasik-Catherine-Albou-Ganem-Paris.jpg","height":450,"width":800},"keywords":null},{"@type":"BlogPosting","@id":"https:\/\/presbytie-lasik.fr\/quelles-sont-les-possibilites-therapeutiques-de-la-secheresse-oculaire\/","headline":"Quelles sont les possibilit\u00e9s th\u00e9rapeutiques de la s\u00e9cheresse oculaire ?","url":"https:\/\/presbytie-lasik.fr\/quelles-sont-les-possibilites-therapeutiques-de-la-secheresse-oculaire\/","datePublished":"2022-04-25","dateModified":"2022-05-24","mainEntityOfPage":"https:\/\/presbytie-lasik.fr\/quelles-sont-les-possibilites-therapeutiques-de-la-secheresse-oculaire\/","author":{"@type":"Person","@id":"https:\/\/presbytie-lasik.fr\/author\/catherine-albou-ganem\/#Person","name":"Catherine Albou-Ganem","url":"https:\/\/presbytie-lasik.fr\/author\/catherine-albou-ganem\/","identifier":9,"image":{"@type":"ImageObject","@id":"https:\/\/secure.gravatar.com\/avatar\/0cb09e128370b1b0ef94f271d65a66512213f8d3e4c4678a4d35da5eb1a9eb1f?s=96&d=mm&r=g","url":"https:\/\/secure.gravatar.com\/avatar\/0cb09e128370b1b0ef94f271d65a66512213f8d3e4c4678a4d35da5eb1a9eb1f?s=96&d=mm&r=g","height":96,"width":96}},"publisher":{"@type":"Organization","name":"Docteur Catherine Albou-Ganem","logo":{"@type":"ImageObject","@id":"https:\/\/presbytie-lasik.fr\/wp-content\/uploads\/2018\/07\/logoAlbouCouleurPNG-1.png","url":"https:\/\/presbytie-lasik.fr\/wp-content\/uploads\/2018\/07\/logoAlbouCouleurPNG-1.png","width":400,"height":164}},"image":{"@type":"ImageObject","@id":"https:\/\/presbytie-lasik.fr\/wp-content\/uploads\/2022\/02\/Quelles-sont-les-possibilite\u0301s-the\u0301rapeutiques-de-la-se\u0301cheresse-oculaire-Presbytie-Lasik-Catherine-Albou-Ganem-Paris.jpg","url":"https:\/\/presbytie-lasik.fr\/wp-content\/uploads\/2022\/02\/Quelles-sont-les-possibilite\u0301s-the\u0301rapeutiques-de-la-se\u0301cheresse-oculaire-Presbytie-Lasik-Catherine-Albou-Ganem-Paris.jpg","height":450,"width":800},"keywords":null},{"@type":"BlogPosting","@id":"https:\/\/presbytie-lasik.fr\/les-traitements-pour-la-secheresse-oculaire-sont-ils-douloureux\/","headline":"Les traitements pour la s\u00e9cheresse oculaire sont-ils douloureux ?","url":"https:\/\/presbytie-lasik.fr\/les-traitements-pour-la-secheresse-oculaire-sont-ils-douloureux\/","datePublished":"2021-10-15","dateModified":"2022-05-24","mainEntityOfPage":"https:\/\/presbytie-lasik.fr\/les-traitements-pour-la-secheresse-oculaire-sont-ils-douloureux\/","author":{"@type":"Person","@id":"https:\/\/presbytie-lasik.fr\/author\/catherine-albou-ganem\/#Person","name":"Catherine Albou-Ganem","url":"https:\/\/presbytie-lasik.fr\/author\/catherine-albou-ganem\/","identifier":9,"image":{"@type":"ImageObject","@id":"https:\/\/secure.gravatar.com\/avatar\/0cb09e128370b1b0ef94f271d65a66512213f8d3e4c4678a4d35da5eb1a9eb1f?s=96&d=mm&r=g","url":"https:\/\/secure.gravatar.com\/avatar\/0cb09e128370b1b0ef94f271d65a66512213f8d3e4c4678a4d35da5eb1a9eb1f?s=96&d=mm&r=g","height":96,"width":96}},"publisher":{"@type":"Organization","name":"Docteur Catherine Albou-Ganem","logo":{"@type":"ImageObject","@id":"https:\/\/presbytie-lasik.fr\/wp-content\/uploads\/2018\/07\/logoAlbouCouleurPNG-1.png","url":"https:\/\/presbytie-lasik.fr\/wp-content\/uploads\/2018\/07\/logoAlbouCouleurPNG-1.png","width":400,"height":164}},"image":{"@type":"ImageObject","@id":"https:\/\/presbytie-lasik.fr\/wp-content\/uploads\/2021\/09\/49973293943_ae70da4040_c.jpg","url":"https:\/\/presbytie-lasik.fr\/wp-content\/uploads\/2021\/09\/49973293943_ae70da4040_c.jpg","height":450,"width":800},"keywords":null}]}