{"@context":"https:\/\/schema.org\/","@type":"CollectionPage","@id":"https:\/\/presbytie-lasik.fr\/cat\u00e9gory\/lasik\/#CollectionPage","headline":"LASIK Category","description":"","url":"https:\/\/presbytie-lasik.fr\/cat\u00e9gory\/lasik\/","hasPart":[{"@type":"BlogPosting","@id":"https:\/\/presbytie-lasik.fr\/quel-est-le-degre-de-votre-myopie\/","headline":"Quel est le degr\u00e9 de votre myopie?","url":"https:\/\/presbytie-lasik.fr\/quel-est-le-degre-de-votre-myopie\/","datePublished":"2023-05-30","dateModified":"2023-08-26","mainEntityOfPage":"https:\/\/presbytie-lasik.fr\/quel-est-le-degre-de-votre-myopie\/","author":{"@type":"Person","@id":"https:\/\/presbytie-lasik.fr\/author\/catherine-albou-ganem\/#Person","name":"Catherine Albou-Ganem","url":"https:\/\/presbytie-lasik.fr\/author\/catherine-albou-ganem\/","identifier":9,"image":{"@type":"ImageObject","@id":"https:\/\/secure.gravatar.com\/avatar\/0cb09e128370b1b0ef94f271d65a66512213f8d3e4c4678a4d35da5eb1a9eb1f?s=96&d=mm&r=g","url":"https:\/\/secure.gravatar.com\/avatar\/0cb09e128370b1b0ef94f271d65a66512213f8d3e4c4678a4d35da5eb1a9eb1f?s=96&d=mm&r=g","height":96,"width":96}},"publisher":{"@type":"Organization","name":"Docteur Catherine Albou-Ganem","logo":{"@type":"ImageObject","@id":"https:\/\/presbytie-lasik.fr\/wp-content\/uploads\/2018\/07\/logoAlbouCouleurPNG-1.png","url":"https:\/\/presbytie-lasik.fr\/wp-content\/uploads\/2018\/07\/logoAlbouCouleurPNG-1.png","width":400,"height":164}},"image":{"@type":"ImageObject","@id":"https:\/\/presbytie-lasik.fr\/wp-content\/uploads\/2023\/05\/Quel-est-le-degre-de-votre-myopie-Presbytie-Lasik-Catherine-Albou-Ganem-Paris.jpg","url":"https:\/\/presbytie-lasik.fr\/wp-content\/uploads\/2023\/05\/Quel-est-le-degre-de-votre-myopie-Presbytie-Lasik-Catherine-Albou-Ganem-Paris.jpg","height":534,"width":950},"keywords":null},{"@type":"BlogPosting","@id":"https:\/\/presbytie-lasik.fr\/que-ressentent-les-patients-apres-une-chirurgie-par-lasik\/","headline":"Que ressentent les patients apr\u00e8s une chirurgie par LASIK?","url":"https:\/\/presbytie-lasik.fr\/que-ressentent-les-patients-apres-une-chirurgie-par-lasik\/","datePublished":"2023-05-22","dateModified":"2023-08-26","mainEntityOfPage":"https:\/\/presbytie-lasik.fr\/que-ressentent-les-patients-apres-une-chirurgie-par-lasik\/","author":{"@type":"Person","@id":"https:\/\/presbytie-lasik.fr\/author\/catherine-albou-ganem\/#Person","name":"Catherine Albou-Ganem","url":"https:\/\/presbytie-lasik.fr\/author\/catherine-albou-ganem\/","identifier":9,"image":{"@type":"ImageObject","@id":"https:\/\/secure.gravatar.com\/avatar\/0cb09e128370b1b0ef94f271d65a66512213f8d3e4c4678a4d35da5eb1a9eb1f?s=96&d=mm&r=g","url":"https:\/\/secure.gravatar.com\/avatar\/0cb09e128370b1b0ef94f271d65a66512213f8d3e4c4678a4d35da5eb1a9eb1f?s=96&d=mm&r=g","height":96,"width":96}},"publisher":{"@type":"Organization","name":"Docteur Catherine Albou-Ganem","logo":{"@type":"ImageObject","@id":"https:\/\/presbytie-lasik.fr\/wp-content\/uploads\/2018\/07\/logoAlbouCouleurPNG-1.png","url":"https:\/\/presbytie-lasik.fr\/wp-content\/uploads\/2018\/07\/logoAlbouCouleurPNG-1.png","width":400,"height":164}},"image":{"@type":"ImageObject","@id":"https:\/\/presbytie-lasik.fr\/wp-content\/uploads\/2021\/11\/Que-ressentent-les-patients-apre\u0300s-une-chirurgie-par-LASIK-Presbytie-Lasik-Catherine-Albou-Ganem-Paris.jpg","url":"https:\/\/presbytie-lasik.fr\/wp-content\/uploads\/2021\/11\/Que-ressentent-les-patients-apre\u0300s-une-chirurgie-par-LASIK-Presbytie-Lasik-Catherine-Albou-Ganem-Paris.jpg","height":450,"width":800},"keywords":null},{"@type":"BlogPosting","@id":"https:\/\/presbytie-lasik.fr\/10-conseils-pour-la-recuperation-apres-une-chirurgie-myopie\/","headline":"10 conseils pour la r\u00e9cup\u00e9ration apr\u00e8s une chirurgie myopie","url":"https:\/\/presbytie-lasik.fr\/10-conseils-pour-la-recuperation-apres-une-chirurgie-myopie\/","datePublished":"2023-03-27","dateModified":"2023-08-26","mainEntityOfPage":"https:\/\/presbytie-lasik.fr\/10-conseils-pour-la-recuperation-apres-une-chirurgie-myopie\/","author":{"@type":"Person","@id":"https:\/\/presbytie-lasik.fr\/author\/catherine-albou-ganem\/#Person","name":"Catherine Albou-Ganem","url":"https:\/\/presbytie-lasik.fr\/author\/catherine-albou-ganem\/","identifier":9,"image":{"@type":"ImageObject","@id":"https:\/\/secure.gravatar.com\/avatar\/0cb09e128370b1b0ef94f271d65a66512213f8d3e4c4678a4d35da5eb1a9eb1f?s=96&d=mm&r=g","url":"https:\/\/secure.gravatar.com\/avatar\/0cb09e128370b1b0ef94f271d65a66512213f8d3e4c4678a4d35da5eb1a9eb1f?s=96&d=mm&r=g","height":96,"width":96}},"publisher":{"@type":"Organization","name":"Docteur Catherine Albou-Ganem","logo":{"@type":"ImageObject","@id":"https:\/\/presbytie-lasik.fr\/wp-content\/uploads\/2018\/07\/logoAlbouCouleurPNG-1.png","url":"https:\/\/presbytie-lasik.fr\/wp-content\/uploads\/2018\/07\/logoAlbouCouleurPNG-1.png","width":400,"height":164}},"image":{"@type":"ImageObject","@id":"https:\/\/presbytie-lasik.fr\/wp-content\/uploads\/2023\/03\/10-conseils-pour-la-recuperation-apres-une-chirurgie-myopie-Presbytie-Lasik-Catherine-Albou-Ganem-Paris.jpg","url":"https:\/\/presbytie-lasik.fr\/wp-content\/uploads\/2023\/03\/10-conseils-pour-la-recuperation-apres-une-chirurgie-myopie-Presbytie-Lasik-Catherine-Albou-Ganem-Paris.jpg","height":534,"width":950},"keywords":null},{"@type":"BlogPosting","@id":"https:\/\/presbytie-lasik.fr\/prix-de-la-chirurgie-oculaire-au-laser-2023\/","headline":"Prix de la chirurgie oculaire au laser 2023","url":"https:\/\/presbytie-lasik.fr\/prix-de-la-chirurgie-oculaire-au-laser-2023\/","datePublished":"2023-02-01","dateModified":"2023-08-26","mainEntityOfPage":"https:\/\/presbytie-lasik.fr\/prix-de-la-chirurgie-oculaire-au-laser-2023\/","author":{"@type":"Person","@id":"https:\/\/presbytie-lasik.fr\/author\/catherine-albou-ganem\/#Person","name":"Catherine Albou-Ganem","url":"https:\/\/presbytie-lasik.fr\/author\/catherine-albou-ganem\/","identifier":9,"image":{"@type":"ImageObject","@id":"https:\/\/secure.gravatar.com\/avatar\/0cb09e128370b1b0ef94f271d65a66512213f8d3e4c4678a4d35da5eb1a9eb1f?s=96&d=mm&r=g","url":"https:\/\/secure.gravatar.com\/avatar\/0cb09e128370b1b0ef94f271d65a66512213f8d3e4c4678a4d35da5eb1a9eb1f?s=96&d=mm&r=g","height":96,"width":96}},"publisher":{"@type":"Organization","name":"Docteur Catherine Albou-Ganem","logo":{"@type":"ImageObject","@id":"https:\/\/presbytie-lasik.fr\/wp-content\/uploads\/2018\/07\/logoAlbouCouleurPNG-1.png","url":"https:\/\/presbytie-lasik.fr\/wp-content\/uploads\/2018\/07\/logoAlbouCouleurPNG-1.png","width":400,"height":164}},"image":{"@type":"ImageObject","@id":"https:\/\/presbytie-lasik.fr\/wp-content\/uploads\/2023\/01\/Laser-eye-surgery-price-2023-Presbytie-Lasik-Catherine-Albou-Ganem-Paris.jpg","url":"https:\/\/presbytie-lasik.fr\/wp-content\/uploads\/2023\/01\/Laser-eye-surgery-price-2023-Presbytie-Lasik-Catherine-Albou-Ganem-Paris.jpg","height":534,"width":950},"keywords":null},{"@type":"BlogPosting","@id":"https:\/\/presbytie-lasik.fr\/5-activites-dautomne-que-vous-apprecierez-beaucoup-apres-avoir-beneficier-dun-lasik-a-paris\/","headline":"5 activit\u00e9s d\u2019automne que vous appr\u00e9cierez beaucoup  apr\u00e8s avoir b\u00e9n\u00e9ficier d\u2019un LASIK \u00e0 Paris","url":"https:\/\/presbytie-lasik.fr\/5-activites-dautomne-que-vous-apprecierez-beaucoup-apres-avoir-beneficier-dun-lasik-a-paris\/","datePublished":"2022-10-25","dateModified":"2023-08-26","mainEntityOfPage":"https:\/\/presbytie-lasik.fr\/5-activites-dautomne-que-vous-apprecierez-beaucoup-apres-avoir-beneficier-dun-lasik-a-paris\/","author":{"@type":"Person","@id":"https:\/\/presbytie-lasik.fr\/author\/catherine-albou-ganem\/#Person","name":"Catherine Albou-Ganem","url":"https:\/\/presbytie-lasik.fr\/author\/catherine-albou-ganem\/","identifier":9,"image":{"@type":"ImageObject","@id":"https:\/\/secure.gravatar.com\/avatar\/0cb09e128370b1b0ef94f271d65a66512213f8d3e4c4678a4d35da5eb1a9eb1f?s=96&d=mm&r=g","url":"https:\/\/secure.gravatar.com\/avatar\/0cb09e128370b1b0ef94f271d65a66512213f8d3e4c4678a4d35da5eb1a9eb1f?s=96&d=mm&r=g","height":96,"width":96}},"publisher":{"@type":"Organization","name":"Docteur Catherine Albou-Ganem","logo":{"@type":"ImageObject","@id":"https:\/\/presbytie-lasik.fr\/wp-content\/uploads\/2018\/07\/logoAlbouCouleurPNG-1.png","url":"https:\/\/presbytie-lasik.fr\/wp-content\/uploads\/2018\/07\/logoAlbouCouleurPNG-1.png","width":400,"height":164}},"image":{"@type":"ImageObject","@id":"https:\/\/presbytie-lasik.fr\/wp-content\/uploads\/2022\/10\/5-autumn-activities-youll-enjoy-more-after-having-LASIK-in-Paris-Presbytie-Lasik-Catherine-Albou-Ganem-Paris.jpg","url":"https:\/\/presbytie-lasik.fr\/wp-content\/uploads\/2022\/10\/5-autumn-activities-youll-enjoy-more-after-having-LASIK-in-Paris-Presbytie-Lasik-Catherine-Albou-Ganem-Paris.jpg","height":535,"width":950},"keywords":null},{"@type":"BlogPosting","@id":"https:\/\/presbytie-lasik.fr\/on-me-demande-souvent-pourquoi-la-sofem\/","headline":"On me demande souvent: Pourquoi la SOFEM?","url":"https:\/\/presbytie-lasik.fr\/on-me-demande-souvent-pourquoi-la-sofem\/","datePublished":"2022-07-26","dateModified":"2023-08-26","mainEntityOfPage":"https:\/\/presbytie-lasik.fr\/on-me-demande-souvent-pourquoi-la-sofem\/","author":{"@type":"Person","@id":"https:\/\/presbytie-lasik.fr\/author\/liveseysolar\/#Person","name":"LiveseySolar","url":"https:\/\/presbytie-lasik.fr\/author\/liveseysolar\/","identifier":1,"image":{"@type":"ImageObject","@id":"https:\/\/secure.gravatar.com\/avatar\/d06225ea569e27aa0af2cb8d1b0143e0c96e5ce92dfe53fec1a5c514f6de6776?s=96&d=mm&r=g","url":"https:\/\/secure.gravatar.com\/avatar\/d06225ea569e27aa0af2cb8d1b0143e0c96e5ce92dfe53fec1a5c514f6de6776?s=96&d=mm&r=g","height":96,"width":96}},"publisher":{"@type":"Organization","name":"Docteur Catherine Albou-Ganem","logo":{"@type":"ImageObject","@id":"https:\/\/presbytie-lasik.fr\/wp-content\/uploads\/2018\/07\/logoAlbouCouleurPNG-1.png","url":"https:\/\/presbytie-lasik.fr\/wp-content\/uploads\/2018\/07\/logoAlbouCouleurPNG-1.png","width":400,"height":164}},"image":{"@type":"ImageObject","@id":"https:\/\/presbytie-lasik.fr\/wp-content\/uploads\/2022\/07\/On-me-demande-souvent-Pourquoi-a-SOFEM-Presbytie-Lasik-Catherine-Albou-Ganem-Paris.jpg","url":"https:\/\/presbytie-lasik.fr\/wp-content\/uploads\/2022\/07\/On-me-demande-souvent-Pourquoi-a-SOFEM-Presbytie-Lasik-Catherine-Albou-Ganem-Paris.jpg","height":534,"width":950},"keywords":null},{"@type":"BlogPosting","@id":"https:\/\/presbytie-lasik.fr\/smile-v-lasik-v-prk-quels-sont-les-differents-types-de-la-chirurgie-refractive-au-laser\/","headline":"SMILE v LASIK v PRK &#8211; Quels sont les diff\u00e9rents types de la chirurgie r\u00e9fractive au laser ?","url":"https:\/\/presbytie-lasik.fr\/smile-v-lasik-v-prk-quels-sont-les-differents-types-de-la-chirurgie-refractive-au-laser\/","datePublished":"2022-01-27","dateModified":"2022-05-24","mainEntityOfPage":"https:\/\/presbytie-lasik.fr\/smile-v-lasik-v-prk-quels-sont-les-differents-types-de-la-chirurgie-refractive-au-laser\/","author":{"@type":"Person","@id":"https:\/\/presbytie-lasik.fr\/author\/catherine-albou-ganem\/#Person","name":"Catherine Albou-Ganem","url":"https:\/\/presbytie-lasik.fr\/author\/catherine-albou-ganem\/","identifier":9,"image":{"@type":"ImageObject","@id":"https:\/\/secure.gravatar.com\/avatar\/0cb09e128370b1b0ef94f271d65a66512213f8d3e4c4678a4d35da5eb1a9eb1f?s=96&d=mm&r=g","url":"https:\/\/secure.gravatar.com\/avatar\/0cb09e128370b1b0ef94f271d65a66512213f8d3e4c4678a4d35da5eb1a9eb1f?s=96&d=mm&r=g","height":96,"width":96}},"publisher":{"@type":"Organization","name":"Docteur Catherine Albou-Ganem","logo":{"@type":"ImageObject","@id":"https:\/\/presbytie-lasik.fr\/wp-content\/uploads\/2018\/07\/logoAlbouCouleurPNG-1.png","url":"https:\/\/presbytie-lasik.fr\/wp-content\/uploads\/2018\/07\/logoAlbouCouleurPNG-1.png","width":400,"height":164}},"image":{"@type":"ImageObject","@id":"https:\/\/presbytie-lasik.fr\/wp-content\/uploads\/2021\/12\/SMILE-v-LASIK-v-PRK-Quels-sont-les-differents-types-de-la-chirurgie-refractive-au-laser-Presbytie-Lasik-Catherine-Albou-Ganem-Paris.jpg","url":"https:\/\/presbytie-lasik.fr\/wp-content\/uploads\/2021\/12\/SMILE-v-LASIK-v-PRK-Quels-sont-les-differents-types-de-la-chirurgie-refractive-au-laser-Presbytie-Lasik-Catherine-Albou-Ganem-Paris.jpg","height":534,"width":800},"keywords":null},{"@type":"BlogPosting","@id":"https:\/\/presbytie-lasik.fr\/quels-sont-les-avantages-du-lasik\/","headline":"Quels sont les avantages du LASIK ?","url":"https:\/\/presbytie-lasik.fr\/quels-sont-les-avantages-du-lasik\/","datePublished":"2021-09-28","dateModified":"2022-05-24","mainEntityOfPage":"https:\/\/presbytie-lasik.fr\/quels-sont-les-avantages-du-lasik\/","author":{"@type":"Person","@id":"https:\/\/presbytie-lasik.fr\/author\/catherine-albou-ganem\/#Person","name":"Catherine Albou-Ganem","url":"https:\/\/presbytie-lasik.fr\/author\/catherine-albou-ganem\/","identifier":9,"image":{"@type":"ImageObject","@id":"https:\/\/secure.gravatar.com\/avatar\/0cb09e128370b1b0ef94f271d65a66512213f8d3e4c4678a4d35da5eb1a9eb1f?s=96&d=mm&r=g","url":"https:\/\/secure.gravatar.com\/avatar\/0cb09e128370b1b0ef94f271d65a66512213f8d3e4c4678a4d35da5eb1a9eb1f?s=96&d=mm&r=g","height":96,"width":96}},"publisher":{"@type":"Organization","name":"Docteur Catherine Albou-Ganem","logo":{"@type":"ImageObject","@id":"https:\/\/presbytie-lasik.fr\/wp-content\/uploads\/2018\/07\/logoAlbouCouleurPNG-1.png","url":"https:\/\/presbytie-lasik.fr\/wp-content\/uploads\/2018\/07\/logoAlbouCouleurPNG-1.png","width":400,"height":164}},"image":{"@type":"ImageObject","@id":"https:\/\/presbytie-lasik.fr\/wp-content\/uploads\/2021\/09\/49974072382_1526bcd2f0_c.jpg","url":"https:\/\/presbytie-lasik.fr\/wp-content\/uploads\/2021\/09\/49974072382_1526bcd2f0_c.jpg","height":450,"width":800},"keywords":null},{"@type":"BlogPosting","@id":"https:\/\/presbytie-lasik.fr\/peut-on-ameliorer-le-resultat-dun-presbylasik-si-le-resultat-nest-pas-celui-attendu\/","headline":"Peut-on am\u00e9liorer le r\u00e9sultat d\u2019un PresbyLASIK si le r\u00e9sultat n\u2019est pas celui attendu ?","url":"https:\/\/presbytie-lasik.fr\/peut-on-ameliorer-le-resultat-dun-presbylasik-si-le-resultat-nest-pas-celui-attendu\/","datePublished":"2021-08-13","dateModified":"2022-10-04","mainEntityOfPage":"https:\/\/presbytie-lasik.fr\/peut-on-ameliorer-le-resultat-dun-presbylasik-si-le-resultat-nest-pas-celui-attendu\/","author":{"@type":"Person","@id":"https:\/\/presbytie-lasik.fr\/author\/catherine-albou-ganem\/#Person","name":"Catherine Albou-Ganem","url":"https:\/\/presbytie-lasik.fr\/author\/catherine-albou-ganem\/","identifier":9,"image":{"@type":"ImageObject","@id":"https:\/\/secure.gravatar.com\/avatar\/0cb09e128370b1b0ef94f271d65a66512213f8d3e4c4678a4d35da5eb1a9eb1f?s=96&d=mm&r=g","url":"https:\/\/secure.gravatar.com\/avatar\/0cb09e128370b1b0ef94f271d65a66512213f8d3e4c4678a4d35da5eb1a9eb1f?s=96&d=mm&r=g","height":96,"width":96}},"publisher":{"@type":"Organization","name":"Docteur Catherine Albou-Ganem","logo":{"@type":"ImageObject","@id":"https:\/\/presbytie-lasik.fr\/wp-content\/uploads\/2018\/07\/logoAlbouCouleurPNG-1.png","url":"https:\/\/presbytie-lasik.fr\/wp-content\/uploads\/2018\/07\/logoAlbouCouleurPNG-1.png","width":400,"height":164}},"image":{"@type":"ImageObject","@id":"https:\/\/presbytie-lasik.fr\/wp-content\/uploads\/2021\/07\/Peut-on-ame\u0301liorer-le-re\u0301sultat-dun-PresbyLASIK-si-le-re\u0301sultat-nest-pas-celui-attendu-Catherine-Albou-Ganem.jpg","url":"https:\/\/presbytie-lasik.fr\/wp-content\/uploads\/2021\/07\/Peut-on-ame\u0301liorer-le-re\u0301sultat-dun-PresbyLASIK-si-le-re\u0301sultat-nest-pas-celui-attendu-Catherine-Albou-Ganem.jpg","height":450,"width":800},"keywords":null},{"@type":"BlogPosting","@id":"https:\/\/presbytie-lasik.fr\/quels-sont-les-risques-du-lasik\/","headline":"Quels sont les risques du LASIK ?","url":"https:\/\/presbytie-lasik.fr\/quels-sont-les-risques-du-lasik\/","datePublished":"2021-08-11","dateModified":"2022-05-24","mainEntityOfPage":"https:\/\/presbytie-lasik.fr\/quels-sont-les-risques-du-lasik\/","author":{"@type":"Person","@id":"https:\/\/presbytie-lasik.fr\/author\/catherine-albou-ganem\/#Person","name":"Catherine Albou-Ganem","url":"https:\/\/presbytie-lasik.fr\/author\/catherine-albou-ganem\/","identifier":9,"image":{"@type":"ImageObject","@id":"https:\/\/secure.gravatar.com\/avatar\/0cb09e128370b1b0ef94f271d65a66512213f8d3e4c4678a4d35da5eb1a9eb1f?s=96&d=mm&r=g","url":"https:\/\/secure.gravatar.com\/avatar\/0cb09e128370b1b0ef94f271d65a66512213f8d3e4c4678a4d35da5eb1a9eb1f?s=96&d=mm&r=g","height":96,"width":96}},"publisher":{"@type":"Organization","name":"Docteur Catherine Albou-Ganem","logo":{"@type":"ImageObject","@id":"https:\/\/presbytie-lasik.fr\/wp-content\/uploads\/2018\/07\/logoAlbouCouleurPNG-1.png","url":"https:\/\/presbytie-lasik.fr\/wp-content\/uploads\/2018\/07\/logoAlbouCouleurPNG-1.png","width":400,"height":164}},"image":{"@type":"ImageObject","@id":"https:\/\/presbytie-lasik.fr\/wp-content\/uploads\/2021\/07\/Quels-sont-les-risques-du-LASIK-Catherine-Albou-Ganem-Clinique-De-la-vision.jpg","url":"https:\/\/presbytie-lasik.fr\/wp-content\/uploads\/2021\/07\/Quels-sont-les-risques-du-LASIK-Catherine-Albou-Ganem-Clinique-De-la-vision.jpg","height":450,"width":800},"keywords":null}]}