{"@context":"https:\/\/schema.org\/","@type":"CollectionPage","@id":"https:\/\/presbytie-lasik.fr\/cat\u00e9gory\/non-classifiee\/#CollectionPage","headline":"Non classifi\u00e9(e) Category","description":"","url":"https:\/\/presbytie-lasik.fr\/cat\u00e9gory\/non-classifiee\/","hasPart":[{"@type":"BlogPosting","@id":"https:\/\/presbytie-lasik.fr\/quel-benefice-ressentent-les-patients-apres-traitements-pour-la-secheresse-oculaire\/","headline":"Quel b\u00e9n\u00e9fice ressentent les patients apr\u00e8s traitements pour la s\u00e9cheresse oculaire ?","url":"https:\/\/presbytie-lasik.fr\/quel-benefice-ressentent-les-patients-apres-traitements-pour-la-secheresse-oculaire\/","datePublished":"2023-05-22","dateModified":"2023-08-26","mainEntityOfPage":"https:\/\/presbytie-lasik.fr\/quel-benefice-ressentent-les-patients-apres-traitements-pour-la-secheresse-oculaire\/","author":{"@type":"Person","@id":"https:\/\/presbytie-lasik.fr\/author\/catherine-albou-ganem\/#Person","name":"Catherine Albou-Ganem","url":"https:\/\/presbytie-lasik.fr\/author\/catherine-albou-ganem\/","identifier":9,"image":{"@type":"ImageObject","@id":"https:\/\/secure.gravatar.com\/avatar\/0cb09e128370b1b0ef94f271d65a66512213f8d3e4c4678a4d35da5eb1a9eb1f?s=96&d=mm&r=g","url":"https:\/\/secure.gravatar.com\/avatar\/0cb09e128370b1b0ef94f271d65a66512213f8d3e4c4678a4d35da5eb1a9eb1f?s=96&d=mm&r=g","height":96,"width":96}},"publisher":{"@type":"Organization","name":"Docteur Catherine Albou-Ganem","logo":{"@type":"ImageObject","@id":"https:\/\/presbytie-lasik.fr\/wp-content\/uploads\/2018\/07\/logoAlbouCouleurPNG-1.png","url":"https:\/\/presbytie-lasik.fr\/wp-content\/uploads\/2018\/07\/logoAlbouCouleurPNG-1.png","width":400,"height":164}},"image":{"@type":"ImageObject","@id":"https:\/\/presbytie-lasik.fr\/wp-content\/uploads\/2023\/03\/49974070182_a5d6811997_c.jpg","url":"https:\/\/presbytie-lasik.fr\/wp-content\/uploads\/2023\/03\/49974070182_a5d6811997_c.jpg","height":450,"width":800},"keywords":null},{"@type":"BlogPosting","@id":"https:\/\/presbytie-lasik.fr\/prix-de-la-chirurgie-oculaire-au-laser-2023\/","headline":"Prix de la chirurgie oculaire au laser 2023","url":"https:\/\/presbytie-lasik.fr\/prix-de-la-chirurgie-oculaire-au-laser-2023\/","datePublished":"2023-02-01","dateModified":"2023-08-26","mainEntityOfPage":"https:\/\/presbytie-lasik.fr\/prix-de-la-chirurgie-oculaire-au-laser-2023\/","author":{"@type":"Person","@id":"https:\/\/presbytie-lasik.fr\/author\/catherine-albou-ganem\/#Person","name":"Catherine Albou-Ganem","url":"https:\/\/presbytie-lasik.fr\/author\/catherine-albou-ganem\/","identifier":9,"image":{"@type":"ImageObject","@id":"https:\/\/secure.gravatar.com\/avatar\/0cb09e128370b1b0ef94f271d65a66512213f8d3e4c4678a4d35da5eb1a9eb1f?s=96&d=mm&r=g","url":"https:\/\/secure.gravatar.com\/avatar\/0cb09e128370b1b0ef94f271d65a66512213f8d3e4c4678a4d35da5eb1a9eb1f?s=96&d=mm&r=g","height":96,"width":96}},"publisher":{"@type":"Organization","name":"Docteur Catherine Albou-Ganem","logo":{"@type":"ImageObject","@id":"https:\/\/presbytie-lasik.fr\/wp-content\/uploads\/2018\/07\/logoAlbouCouleurPNG-1.png","url":"https:\/\/presbytie-lasik.fr\/wp-content\/uploads\/2018\/07\/logoAlbouCouleurPNG-1.png","width":400,"height":164}},"image":{"@type":"ImageObject","@id":"https:\/\/presbytie-lasik.fr\/wp-content\/uploads\/2023\/01\/Laser-eye-surgery-price-2023-Presbytie-Lasik-Catherine-Albou-Ganem-Paris.jpg","url":"https:\/\/presbytie-lasik.fr\/wp-content\/uploads\/2023\/01\/Laser-eye-surgery-price-2023-Presbytie-Lasik-Catherine-Albou-Ganem-Paris.jpg","height":534,"width":950},"keywords":null},{"@type":"BlogPosting","@id":"https:\/\/presbytie-lasik.fr\/quels-sont-les-risques-des-traitements-pour-la-secheresse-oculaire\/","headline":"Quels sont les risques des traitements pour la s\u00e9cheresse oculaire ?","url":"https:\/\/presbytie-lasik.fr\/quels-sont-les-risques-des-traitements-pour-la-secheresse-oculaire\/","datePublished":"2022-04-25","dateModified":"2022-05-24","mainEntityOfPage":"https:\/\/presbytie-lasik.fr\/quels-sont-les-risques-des-traitements-pour-la-secheresse-oculaire\/","author":{"@type":"Person","@id":"https:\/\/presbytie-lasik.fr\/author\/catherine-albou-ganem\/#Person","name":"Catherine Albou-Ganem","url":"https:\/\/presbytie-lasik.fr\/author\/catherine-albou-ganem\/","identifier":9,"image":{"@type":"ImageObject","@id":"https:\/\/secure.gravatar.com\/avatar\/0cb09e128370b1b0ef94f271d65a66512213f8d3e4c4678a4d35da5eb1a9eb1f?s=96&d=mm&r=g","url":"https:\/\/secure.gravatar.com\/avatar\/0cb09e128370b1b0ef94f271d65a66512213f8d3e4c4678a4d35da5eb1a9eb1f?s=96&d=mm&r=g","height":96,"width":96}},"publisher":{"@type":"Organization","name":"Docteur Catherine Albou-Ganem","logo":{"@type":"ImageObject","@id":"https:\/\/presbytie-lasik.fr\/wp-content\/uploads\/2018\/07\/logoAlbouCouleurPNG-1.png","url":"https:\/\/presbytie-lasik.fr\/wp-content\/uploads\/2018\/07\/logoAlbouCouleurPNG-1.png","width":400,"height":164}},"image":{"@type":"ImageObject","@id":"https:\/\/presbytie-lasik.fr\/wp-content\/uploads\/2022\/02\/Quels-sont-les-risques-des-traitements-pour-la-se\u0301cheresse-oculaire-Presbytie-Lasik-Catherine-Albou-Ganem-Paris.jpg","url":"https:\/\/presbytie-lasik.fr\/wp-content\/uploads\/2022\/02\/Quels-sont-les-risques-des-traitements-pour-la-se\u0301cheresse-oculaire-Presbytie-Lasik-Catherine-Albou-Ganem-Paris.jpg","height":450,"width":800},"keywords":null},{"@type":"BlogPosting","@id":"https:\/\/presbytie-lasik.fr\/aurais-je-besoin-de-lunettes-apres-une-chirurgie-de-la-presbytie-si-oui-pour-quelles-activites-bp\/","headline":"Aurais-je besoin de lunettes apr\u00e8s une chirurgie de la Presbytie ? si oui pour quelles activit\u00e9s ?","url":"https:\/\/presbytie-lasik.fr\/aurais-je-besoin-de-lunettes-apres-une-chirurgie-de-la-presbytie-si-oui-pour-quelles-activites-bp\/","datePublished":"2020-03-04","dateModified":"2020-03-04","mainEntityOfPage":"https:\/\/presbytie-lasik.fr\/aurais-je-besoin-de-lunettes-apres-une-chirurgie-de-la-presbytie-si-oui-pour-quelles-activites-bp\/","author":{"@type":"Person","@id":"https:\/\/presbytie-lasik.fr\/author\/catherine-albou-ganem\/#Person","name":"Catherine Albou-Ganem","url":"https:\/\/presbytie-lasik.fr\/author\/catherine-albou-ganem\/","identifier":9,"image":{"@type":"ImageObject","@id":"https:\/\/secure.gravatar.com\/avatar\/0cb09e128370b1b0ef94f271d65a66512213f8d3e4c4678a4d35da5eb1a9eb1f?s=96&d=mm&r=g","url":"https:\/\/secure.gravatar.com\/avatar\/0cb09e128370b1b0ef94f271d65a66512213f8d3e4c4678a4d35da5eb1a9eb1f?s=96&d=mm&r=g","height":96,"width":96}},"publisher":{"@type":"Organization","name":"Docteur Catherine Albou-Ganem","logo":{"@type":"ImageObject","@id":"https:\/\/presbytie-lasik.fr\/wp-content\/uploads\/2018\/07\/logoAlbouCouleurPNG-1.png","url":"https:\/\/presbytie-lasik.fr\/wp-content\/uploads\/2018\/07\/logoAlbouCouleurPNG-1.png","width":400,"height":164}},"image":null,"keywords":null},{"@type":"BlogPosting","@id":"https:\/\/presbytie-lasik.fr\/aurais-je-besoin-de-lunettes-apres-une-chirurgie-de-la-presbytie-si-oui-pour-quelles-activites-bp-2\/","headline":"Aurais-je besoin de lunettes apr\u00e8s une chirurgie de la Presbytie ? si oui pour quelles activit\u00e9s ?","url":"https:\/\/presbytie-lasik.fr\/aurais-je-besoin-de-lunettes-apres-une-chirurgie-de-la-presbytie-si-oui-pour-quelles-activites-bp-2\/","datePublished":"2020-03-04","dateModified":"2021-10-07","mainEntityOfPage":"https:\/\/presbytie-lasik.fr\/aurais-je-besoin-de-lunettes-apres-une-chirurgie-de-la-presbytie-si-oui-pour-quelles-activites-bp-2\/","author":{"@type":"Person","@id":"https:\/\/presbytie-lasik.fr\/author\/catherine-albou-ganem\/#Person","name":"Catherine Albou-Ganem","url":"https:\/\/presbytie-lasik.fr\/author\/catherine-albou-ganem\/","identifier":9,"image":{"@type":"ImageObject","@id":"https:\/\/secure.gravatar.com\/avatar\/0cb09e128370b1b0ef94f271d65a66512213f8d3e4c4678a4d35da5eb1a9eb1f?s=96&d=mm&r=g","url":"https:\/\/secure.gravatar.com\/avatar\/0cb09e128370b1b0ef94f271d65a66512213f8d3e4c4678a4d35da5eb1a9eb1f?s=96&d=mm&r=g","height":96,"width":96}},"publisher":{"@type":"Organization","name":"Docteur Catherine Albou-Ganem","logo":{"@type":"ImageObject","@id":"https:\/\/presbytie-lasik.fr\/wp-content\/uploads\/2018\/07\/logoAlbouCouleurPNG-1.png","url":"https:\/\/presbytie-lasik.fr\/wp-content\/uploads\/2018\/07\/logoAlbouCouleurPNG-1.png","width":400,"height":164}},"image":null,"keywords":null}]}