{"@context":"https:\/\/schema.org\/","@type":"CollectionPage","@id":"https:\/\/presbytie-lasik.fr\/cat\u00e9gory\/presbytie\/#CollectionPage","headline":"Presbytie Category","description":"","url":"https:\/\/presbytie-lasik.fr\/cat\u00e9gory\/presbytie\/","hasPart":[{"@type":"BlogPosting","@id":"https:\/\/presbytie-lasik.fr\/si-jaime-mes-lunettes-puis-je-etre-operer-dun-seul-defaut-de-vision\/","headline":"Si j&rsquo;aime mes lunettes, puis-je \u00eatre op\u00e9r\u00e9 d\u2019un seul d\u00e9faut de vision ?","url":"https:\/\/presbytie-lasik.fr\/si-jaime-mes-lunettes-puis-je-etre-operer-dun-seul-defaut-de-vision\/","datePublished":"2021-02-12","dateModified":"2021-10-07","mainEntityOfPage":"https:\/\/presbytie-lasik.fr\/si-jaime-mes-lunettes-puis-je-etre-operer-dun-seul-defaut-de-vision\/","author":{"@type":"Person","@id":"https:\/\/presbytie-lasik.fr\/author\/catherine-albou-ganem\/#Person","name":"Catherine Albou-Ganem","url":"https:\/\/presbytie-lasik.fr\/author\/catherine-albou-ganem\/","identifier":9,"image":{"@type":"ImageObject","@id":"https:\/\/secure.gravatar.com\/avatar\/0cb09e128370b1b0ef94f271d65a66512213f8d3e4c4678a4d35da5eb1a9eb1f?s=96&d=mm&r=g","url":"https:\/\/secure.gravatar.com\/avatar\/0cb09e128370b1b0ef94f271d65a66512213f8d3e4c4678a4d35da5eb1a9eb1f?s=96&d=mm&r=g","height":96,"width":96}},"publisher":{"@type":"Organization","name":"Docteur Catherine Albou-Ganem","logo":{"@type":"ImageObject","@id":"https:\/\/presbytie-lasik.fr\/wp-content\/uploads\/2018\/07\/logoAlbouCouleurPNG-1.png","url":"https:\/\/presbytie-lasik.fr\/wp-content\/uploads\/2018\/07\/logoAlbouCouleurPNG-1.png","width":400,"height":164}},"image":{"@type":"ImageObject","@id":"https:\/\/presbytie-lasik.fr\/wp-content\/uploads\/2021\/01\/La-Presbytie-Si-jaime-mes-lunettes-puis-je-etre-operer-dun-seul-defaut-de-vision-Catherine-Albou-Ganem-Clinique-de-la-Vision-Paris.jpg","url":"https:\/\/presbytie-lasik.fr\/wp-content\/uploads\/2021\/01\/La-Presbytie-Si-jaime-mes-lunettes-puis-je-etre-operer-dun-seul-defaut-de-vision-Catherine-Albou-Ganem-Clinique-de-la-Vision-Paris.jpg","height":1080,"width":1920},"keywords":null},{"@type":"BlogPosting","@id":"https:\/\/presbytie-lasik.fr\/dois-je-etre-accompagne-apres-la-chirurgie-de-la-presbytie-au-laser\/","headline":"Dois-je \u00eatre accompagn\u00e9 apr\u00e8s la chirurgie de la presbytie au laser ?","url":"https:\/\/presbytie-lasik.fr\/dois-je-etre-accompagne-apres-la-chirurgie-de-la-presbytie-au-laser\/","datePublished":"2021-02-12","dateModified":"2021-11-03","mainEntityOfPage":"https:\/\/presbytie-lasik.fr\/dois-je-etre-accompagne-apres-la-chirurgie-de-la-presbytie-au-laser\/","author":{"@type":"Person","@id":"https:\/\/presbytie-lasik.fr\/author\/catherine-albou-ganem\/#Person","name":"Catherine Albou-Ganem","url":"https:\/\/presbytie-lasik.fr\/author\/catherine-albou-ganem\/","identifier":9,"image":{"@type":"ImageObject","@id":"https:\/\/secure.gravatar.com\/avatar\/0cb09e128370b1b0ef94f271d65a66512213f8d3e4c4678a4d35da5eb1a9eb1f?s=96&d=mm&r=g","url":"https:\/\/secure.gravatar.com\/avatar\/0cb09e128370b1b0ef94f271d65a66512213f8d3e4c4678a4d35da5eb1a9eb1f?s=96&d=mm&r=g","height":96,"width":96}},"publisher":{"@type":"Organization","name":"Docteur Catherine Albou-Ganem","logo":{"@type":"ImageObject","@id":"https:\/\/presbytie-lasik.fr\/wp-content\/uploads\/2018\/07\/logoAlbouCouleurPNG-1.png","url":"https:\/\/presbytie-lasik.fr\/wp-content\/uploads\/2018\/07\/logoAlbouCouleurPNG-1.png","width":400,"height":164}},"image":{"@type":"ImageObject","@id":"https:\/\/presbytie-lasik.fr\/wp-content\/uploads\/2021\/01\/La-Presbytie-dois-je-etre-accompagne-apres-la-chirurgie-de-la-presbytie-au-laser-Catherine-Albou-Ganem-Clinique-de-la-Vision-Paris.jpg","url":"https:\/\/presbytie-lasik.fr\/wp-content\/uploads\/2021\/01\/La-Presbytie-dois-je-etre-accompagne-apres-la-chirurgie-de-la-presbytie-au-laser-Catherine-Albou-Ganem-Clinique-de-la-Vision-Paris.jpg","height":1080,"width":1920},"keywords":null},{"@type":"BlogPosting","@id":"https:\/\/presbytie-lasik.fr\/le-16-janvier-2021-a-eu-lieu-la-13-eme-edition-de-la-journee-consacree-a-la-chirurgie-refractive-innovation\/","headline":"Le 16 Janvier 2021 a eu lieu la 13 \u00e8me \u00e9dition de la Journ\u00e9e consacr\u00e9e \u00e0 la Chirurgie R\u00e9fractive &#038; Innovation","url":"https:\/\/presbytie-lasik.fr\/le-16-janvier-2021-a-eu-lieu-la-13-eme-edition-de-la-journee-consacree-a-la-chirurgie-refractive-innovation\/","datePublished":"2021-01-25","dateModified":"2022-04-05","mainEntityOfPage":"https:\/\/presbytie-lasik.fr\/le-16-janvier-2021-a-eu-lieu-la-13-eme-edition-de-la-journee-consacree-a-la-chirurgie-refractive-innovation\/","author":{"@type":"Person","@id":"https:\/\/presbytie-lasik.fr\/author\/catherine-albou-ganem\/#Person","name":"Catherine Albou-Ganem","url":"https:\/\/presbytie-lasik.fr\/author\/catherine-albou-ganem\/","identifier":9,"image":{"@type":"ImageObject","@id":"https:\/\/secure.gravatar.com\/avatar\/0cb09e128370b1b0ef94f271d65a66512213f8d3e4c4678a4d35da5eb1a9eb1f?s=96&d=mm&r=g","url":"https:\/\/secure.gravatar.com\/avatar\/0cb09e128370b1b0ef94f271d65a66512213f8d3e4c4678a4d35da5eb1a9eb1f?s=96&d=mm&r=g","height":96,"width":96}},"publisher":{"@type":"Organization","name":"Docteur Catherine Albou-Ganem","logo":{"@type":"ImageObject","@id":"https:\/\/presbytie-lasik.fr\/wp-content\/uploads\/2018\/07\/logoAlbouCouleurPNG-1.png","url":"https:\/\/presbytie-lasik.fr\/wp-content\/uploads\/2018\/07\/logoAlbouCouleurPNG-1.png","width":400,"height":164}},"image":{"@type":"ImageObject","@id":"https:\/\/presbytie-lasik.fr\/wp-content\/uploads\/2021\/01\/Catherine-Albou-Ganem-Clinique-de-la-Vision-Paris-2-min.jpg","url":"https:\/\/presbytie-lasik.fr\/wp-content\/uploads\/2021\/01\/Catherine-Albou-Ganem-Clinique-de-la-Vision-Paris-2-min.jpg","height":1101,"width":1683},"keywords":null},{"@type":"BlogPosting","@id":"https:\/\/presbytie-lasik.fr\/peut-on-ameliorer-le-resultat-de-la-chirurgie-de-la-presbytie-en-cas-de-resultat-insuffisant\/","headline":"Peut-on am\u00e9liorer le r\u00e9sultat de la chirurgie de la presbytie en cas de r\u00e9sultat insuffisant ?","url":"https:\/\/presbytie-lasik.fr\/peut-on-ameliorer-le-resultat-de-la-chirurgie-de-la-presbytie-en-cas-de-resultat-insuffisant\/","datePublished":"2020-10-07","dateModified":"2022-07-13","mainEntityOfPage":"https:\/\/presbytie-lasik.fr\/peut-on-ameliorer-le-resultat-de-la-chirurgie-de-la-presbytie-en-cas-de-resultat-insuffisant\/","author":{"@type":"Person","@id":"https:\/\/presbytie-lasik.fr\/author\/catherine-albou-ganem\/#Person","name":"Catherine Albou-Ganem","url":"https:\/\/presbytie-lasik.fr\/author\/catherine-albou-ganem\/","identifier":9,"image":{"@type":"ImageObject","@id":"https:\/\/secure.gravatar.com\/avatar\/0cb09e128370b1b0ef94f271d65a66512213f8d3e4c4678a4d35da5eb1a9eb1f?s=96&d=mm&r=g","url":"https:\/\/secure.gravatar.com\/avatar\/0cb09e128370b1b0ef94f271d65a66512213f8d3e4c4678a4d35da5eb1a9eb1f?s=96&d=mm&r=g","height":96,"width":96}},"publisher":{"@type":"Organization","name":"Docteur Catherine Albou-Ganem","logo":{"@type":"ImageObject","@id":"https:\/\/presbytie-lasik.fr\/wp-content\/uploads\/2018\/07\/logoAlbouCouleurPNG-1.png","url":"https:\/\/presbytie-lasik.fr\/wp-content\/uploads\/2018\/07\/logoAlbouCouleurPNG-1.png","width":400,"height":164}},"image":{"@type":"ImageObject","@id":"https:\/\/presbytie-lasik.fr\/wp-content\/uploads\/2020\/07\/Puis-je-be\u0301ne\u0301ficier-d\u2019une-chirurgie-au-laser-vu-mon-de\u0301gre\u0301-d\u2019ame\u0301tropie-myopie-hyperme\u0301tropie-astigmatisme-Catherine-Albou-Ganem-Presbytie-lasik-paris.jpg","url":"https:\/\/presbytie-lasik.fr\/wp-content\/uploads\/2020\/07\/Puis-je-be\u0301ne\u0301ficier-d\u2019une-chirurgie-au-laser-vu-mon-de\u0301gre\u0301-d\u2019ame\u0301tropie-myopie-hyperme\u0301tropie-astigmatisme-Catherine-Albou-Ganem-Presbytie-lasik-paris.jpg","height":450,"width":800},"keywords":null},{"@type":"BlogPosting","@id":"https:\/\/presbytie-lasik.fr\/puis-je-beneficier-dune-chirurgie-au-laser-vu-mon-degre-dametropie-myopie-hypermetropie-astigmatisme\/","headline":"Peut on ame\u0301liorer le re\u0301sultat de la chirurgie de la presbytie en cas de re\u0301sultat insuffisant ?","url":"https:\/\/presbytie-lasik.fr\/puis-je-beneficier-dune-chirurgie-au-laser-vu-mon-degre-dametropie-myopie-hypermetropie-astigmatisme\/","datePublished":"2020-05-15","dateModified":"2021-10-29","mainEntityOfPage":"https:\/\/presbytie-lasik.fr\/puis-je-beneficier-dune-chirurgie-au-laser-vu-mon-degre-dametropie-myopie-hypermetropie-astigmatisme\/","author":{"@type":"Person","@id":"https:\/\/presbytie-lasik.fr\/author\/catherine-albou-ganem\/#Person","name":"Catherine Albou-Ganem","url":"https:\/\/presbytie-lasik.fr\/author\/catherine-albou-ganem\/","identifier":9,"image":{"@type":"ImageObject","@id":"https:\/\/secure.gravatar.com\/avatar\/0cb09e128370b1b0ef94f271d65a66512213f8d3e4c4678a4d35da5eb1a9eb1f?s=96&d=mm&r=g","url":"https:\/\/secure.gravatar.com\/avatar\/0cb09e128370b1b0ef94f271d65a66512213f8d3e4c4678a4d35da5eb1a9eb1f?s=96&d=mm&r=g","height":96,"width":96}},"publisher":{"@type":"Organization","name":"Docteur Catherine Albou-Ganem","logo":{"@type":"ImageObject","@id":"https:\/\/presbytie-lasik.fr\/wp-content\/uploads\/2018\/07\/logoAlbouCouleurPNG-1.png","url":"https:\/\/presbytie-lasik.fr\/wp-content\/uploads\/2018\/07\/logoAlbouCouleurPNG-1.png","width":400,"height":164}},"image":{"@type":"ImageObject","@id":"https:\/\/presbytie-lasik.fr\/wp-content\/uploads\/2018\/11\/La-Presbytie-Peut-on-reoperer-si-le-resultat-de-la-chirurgie-est-insuffisant-catherine-albou-ganem-Paris.jpeg","url":"https:\/\/presbytie-lasik.fr\/wp-content\/uploads\/2018\/11\/La-Presbytie-Peut-on-reoperer-si-le-resultat-de-la-chirurgie-est-insuffisant-catherine-albou-ganem-Paris.jpeg","height":484,"width":860},"keywords":null},{"@type":"BlogPosting","@id":"https:\/\/presbytie-lasik.fr\/puis-je-conduire-avant-et-apres-une-chirurgie-de-la-presbytie-au-laser\/","headline":"Puis-je conduire avant et apr\u00e8s une chirurgie de la presbytie au laser ?","url":"https:\/\/presbytie-lasik.fr\/puis-je-conduire-avant-et-apres-une-chirurgie-de-la-presbytie-au-laser\/","datePublished":"2020-05-13","dateModified":"2021-10-07","mainEntityOfPage":"https:\/\/presbytie-lasik.fr\/puis-je-conduire-avant-et-apres-une-chirurgie-de-la-presbytie-au-laser\/","author":{"@type":"Person","@id":"https:\/\/presbytie-lasik.fr\/author\/catherine-albou-ganem\/#Person","name":"Catherine Albou-Ganem","url":"https:\/\/presbytie-lasik.fr\/author\/catherine-albou-ganem\/","identifier":9,"image":{"@type":"ImageObject","@id":"https:\/\/secure.gravatar.com\/avatar\/0cb09e128370b1b0ef94f271d65a66512213f8d3e4c4678a4d35da5eb1a9eb1f?s=96&d=mm&r=g","url":"https:\/\/secure.gravatar.com\/avatar\/0cb09e128370b1b0ef94f271d65a66512213f8d3e4c4678a4d35da5eb1a9eb1f?s=96&d=mm&r=g","height":96,"width":96}},"publisher":{"@type":"Organization","name":"Docteur Catherine Albou-Ganem","logo":{"@type":"ImageObject","@id":"https:\/\/presbytie-lasik.fr\/wp-content\/uploads\/2018\/07\/logoAlbouCouleurPNG-1.png","url":"https:\/\/presbytie-lasik.fr\/wp-content\/uploads\/2018\/07\/logoAlbouCouleurPNG-1.png","width":400,"height":164}},"image":{"@type":"ImageObject","@id":"https:\/\/presbytie-lasik.fr\/wp-content\/uploads\/2018\/11\/La-Presbytie-Puis-je-conduire-avant-et-apres-une-chirurgie-de-la-presbytie-au-laser-Dois-je-etre-accompagne-apres-la-chirurgie-de-la-presbytie-au-laser-catherine-albou-ganem-Paris.jpeg","url":"https:\/\/presbytie-lasik.fr\/wp-content\/uploads\/2018\/11\/La-Presbytie-Puis-je-conduire-avant-et-apres-une-chirurgie-de-la-presbytie-au-laser-Dois-je-etre-accompagne-apres-la-chirurgie-de-la-presbytie-au-laser-catherine-albou-ganem-Paris.jpeg","height":484,"width":860},"keywords":null},{"@type":"BlogPosting","@id":"https:\/\/presbytie-lasik.fr\/est-ce-que-tous-les-chirurgiens-refractifs-operent-la-presbytie-au-laser\/","headline":"Est ce que tous les chirurgiens refractifs operent la presbytie au laser ?","url":"https:\/\/presbytie-lasik.fr\/est-ce-que-tous-les-chirurgiens-refractifs-operent-la-presbytie-au-laser\/","datePublished":"2020-04-03","dateModified":"2021-10-07","mainEntityOfPage":"https:\/\/presbytie-lasik.fr\/est-ce-que-tous-les-chirurgiens-refractifs-operent-la-presbytie-au-laser\/","author":{"@type":"Person","@id":"https:\/\/presbytie-lasik.fr\/author\/catherine-albou-ganem\/#Person","name":"Catherine Albou-Ganem","url":"https:\/\/presbytie-lasik.fr\/author\/catherine-albou-ganem\/","identifier":9,"image":{"@type":"ImageObject","@id":"https:\/\/secure.gravatar.com\/avatar\/0cb09e128370b1b0ef94f271d65a66512213f8d3e4c4678a4d35da5eb1a9eb1f?s=96&d=mm&r=g","url":"https:\/\/secure.gravatar.com\/avatar\/0cb09e128370b1b0ef94f271d65a66512213f8d3e4c4678a4d35da5eb1a9eb1f?s=96&d=mm&r=g","height":96,"width":96}},"publisher":{"@type":"Organization","name":"Docteur Catherine Albou-Ganem","logo":{"@type":"ImageObject","@id":"https:\/\/presbytie-lasik.fr\/wp-content\/uploads\/2018\/07\/logoAlbouCouleurPNG-1.png","url":"https:\/\/presbytie-lasik.fr\/wp-content\/uploads\/2018\/07\/logoAlbouCouleurPNG-1.png","width":400,"height":164}},"image":{"@type":"ImageObject","@id":"https:\/\/presbytie-lasik.fr\/wp-content\/uploads\/2018\/11\/La-Presbytie-Est-ce-que-tous-les-chirurgiens-refractifs-operent-la-presbytie-au-laser-catherine-albou-ganem-Paris.jpeg","url":"https:\/\/presbytie-lasik.fr\/wp-content\/uploads\/2018\/11\/La-Presbytie-Est-ce-que-tous-les-chirurgiens-refractifs-operent-la-presbytie-au-laser-catherine-albou-ganem-Paris.jpeg","height":484,"width":860},"keywords":null},{"@type":"BlogPosting","@id":"https:\/\/presbytie-lasik.fr\/combien-de-temps-dure-leffet-de-la-chirurgie-de-la-presbytie-au-laser-bp\/","headline":"Combien de temps dure l\u2019effet de la chirurgie de la presbytie au Laser ?","url":"https:\/\/presbytie-lasik.fr\/combien-de-temps-dure-leffet-de-la-chirurgie-de-la-presbytie-au-laser-bp\/","datePublished":"2020-02-26","dateModified":"2021-11-22","mainEntityOfPage":"https:\/\/presbytie-lasik.fr\/combien-de-temps-dure-leffet-de-la-chirurgie-de-la-presbytie-au-laser-bp\/","author":{"@type":"Person","@id":"https:\/\/presbytie-lasik.fr\/author\/catherine-albou-ganem\/#Person","name":"Catherine Albou-Ganem","url":"https:\/\/presbytie-lasik.fr\/author\/catherine-albou-ganem\/","identifier":9,"image":{"@type":"ImageObject","@id":"https:\/\/secure.gravatar.com\/avatar\/0cb09e128370b1b0ef94f271d65a66512213f8d3e4c4678a4d35da5eb1a9eb1f?s=96&d=mm&r=g","url":"https:\/\/secure.gravatar.com\/avatar\/0cb09e128370b1b0ef94f271d65a66512213f8d3e4c4678a4d35da5eb1a9eb1f?s=96&d=mm&r=g","height":96,"width":96}},"publisher":{"@type":"Organization","name":"Docteur Catherine Albou-Ganem","logo":{"@type":"ImageObject","@id":"https:\/\/presbytie-lasik.fr\/wp-content\/uploads\/2018\/07\/logoAlbouCouleurPNG-1.png","url":"https:\/\/presbytie-lasik.fr\/wp-content\/uploads\/2018\/07\/logoAlbouCouleurPNG-1.png","width":400,"height":164}},"image":{"@type":"ImageObject","@id":"https:\/\/presbytie-lasik.fr\/wp-content\/uploads\/2018\/11\/La-Presbytie-Combien-de-temps-dure-leffet-de-la-chirurgie-de-la-presbytie-au-laser-catherine-albou-ganem-Paris.jpeg","url":"https:\/\/presbytie-lasik.fr\/wp-content\/uploads\/2018\/11\/La-Presbytie-Combien-de-temps-dure-leffet-de-la-chirurgie-de-la-presbytie-au-laser-catherine-albou-ganem-Paris.jpeg","height":484,"width":860},"keywords":null},{"@type":"BlogPosting","@id":"https:\/\/presbytie-lasik.fr\/quelle-est-la-difference-entre-la-presbytie-et-lastigmatisme\/","headline":"Quelle est la diffe\u0301rence entre la presbytie et l&rsquo;astigmatisme?","url":"https:\/\/presbytie-lasik.fr\/quelle-est-la-difference-entre-la-presbytie-et-lastigmatisme\/","datePublished":"2018-09-14","dateModified":"2021-09-28","mainEntityOfPage":"https:\/\/presbytie-lasik.fr\/quelle-est-la-difference-entre-la-presbytie-et-lastigmatisme\/","author":{"@type":"Person","@id":"https:\/\/presbytie-lasik.fr\/author\/catherine-albou-ganem\/#Person","name":"Catherine Albou-Ganem","url":"https:\/\/presbytie-lasik.fr\/author\/catherine-albou-ganem\/","identifier":9,"image":{"@type":"ImageObject","@id":"https:\/\/secure.gravatar.com\/avatar\/0cb09e128370b1b0ef94f271d65a66512213f8d3e4c4678a4d35da5eb1a9eb1f?s=96&d=mm&r=g","url":"https:\/\/secure.gravatar.com\/avatar\/0cb09e128370b1b0ef94f271d65a66512213f8d3e4c4678a4d35da5eb1a9eb1f?s=96&d=mm&r=g","height":96,"width":96}},"publisher":{"@type":"Organization","name":"Docteur Catherine Albou-Ganem","logo":{"@type":"ImageObject","@id":"https:\/\/presbytie-lasik.fr\/wp-content\/uploads\/2018\/07\/logoAlbouCouleurPNG-1.png","url":"https:\/\/presbytie-lasik.fr\/wp-content\/uploads\/2018\/07\/logoAlbouCouleurPNG-1.png","width":400,"height":164}},"image":{"@type":"ImageObject","@id":"https:\/\/presbytie-lasik.fr\/wp-content\/uploads\/2018\/09\/Quelle-est-la-diffe\u0301rence-entre-la-presbytie-et-lastigmatisme.jpg","url":"https:\/\/presbytie-lasik.fr\/wp-content\/uploads\/2018\/09\/Quelle-est-la-diffe\u0301rence-entre-la-presbytie-et-lastigmatisme.jpg","height":360,"width":640},"keywords":null}]}