{"@context":"https:\/\/schema.org\/","@type":"CollectionPage","@id":"https:\/\/presbytie-lasik.fr\/en\/category\/presbyopia\/#CollectionPage","headline":"Presbyopia Category","description":"","url":"https:\/\/presbytie-lasik.fr\/en\/category\/presbyopia\/","hasPart":[{"@type":"BlogPosting","@id":"https:\/\/presbytie-lasik.fr\/en\/combien-coute-des-lunettes-de-lecture\/","headline":"Combien co\u00fbte des lunettes de lecture?","url":"https:\/\/presbytie-lasik.fr\/en\/combien-coute-des-lunettes-de-lecture\/","datePublished":"2023-04-26","dateModified":"2023-04-26","mainEntityOfPage":"https:\/\/presbytie-lasik.fr\/en\/combien-coute-des-lunettes-de-lecture\/","author":{"@type":"Person","@id":"https:\/\/presbytie-lasik.fr\/en\/author\/catherine-albou-ganem\/#Person","name":"Catherine Albou-Ganem","url":"https:\/\/presbytie-lasik.fr\/en\/author\/catherine-albou-ganem\/","identifier":9,"image":{"@type":"ImageObject","@id":"https:\/\/secure.gravatar.com\/avatar\/0cb09e128370b1b0ef94f271d65a66512213f8d3e4c4678a4d35da5eb1a9eb1f?s=96&d=mm&r=g","url":"https:\/\/secure.gravatar.com\/avatar\/0cb09e128370b1b0ef94f271d65a66512213f8d3e4c4678a4d35da5eb1a9eb1f?s=96&d=mm&r=g","height":96,"width":96}},"publisher":{"@type":"Organization","name":"Docteur Catherine Albou-Ganem","logo":{"@type":"ImageObject","@id":"https:\/\/presbytie-lasik.fr\/wp-content\/uploads\/2018\/07\/logoAlbouCouleurPNG-1.png","url":"https:\/\/presbytie-lasik.fr\/wp-content\/uploads\/2018\/07\/logoAlbouCouleurPNG-1.png","width":400,"height":164}},"image":{"@type":"ImageObject","@id":"https:\/\/presbytie-lasik.fr\/wp-content\/uploads\/2023\/04\/Combien-coute-des-lunettes-de-lecture-Presbytie-Lasik-Catherine-Albou-Ganem-Paris.jpg","url":"https:\/\/presbytie-lasik.fr\/wp-content\/uploads\/2023\/04\/Combien-coute-des-lunettes-de-lecture-Presbytie-Lasik-Catherine-Albou-Ganem-Paris.jpg","height":534,"width":950},"keywords":null},{"@type":"BlogPosting","@id":"https:\/\/presbytie-lasik.fr\/en\/peut-on-ameliorer-le-resultat-dun-presbylasik-si-le-resultat-nest-pas-celui-attendu\/","headline":"Peut-on am\u00e9liorer le r\u00e9sultat d\u2019un PresbyLASIK si le r\u00e9sultat n\u2019est pas celui attendu ?","url":"https:\/\/presbytie-lasik.fr\/en\/peut-on-ameliorer-le-resultat-dun-presbylasik-si-le-resultat-nest-pas-celui-attendu\/","datePublished":"2021-08-13","dateModified":"2022-10-04","mainEntityOfPage":"https:\/\/presbytie-lasik.fr\/en\/peut-on-ameliorer-le-resultat-dun-presbylasik-si-le-resultat-nest-pas-celui-attendu\/","author":{"@type":"Person","@id":"https:\/\/presbytie-lasik.fr\/en\/author\/catherine-albou-ganem\/#Person","name":"Catherine Albou-Ganem","url":"https:\/\/presbytie-lasik.fr\/en\/author\/catherine-albou-ganem\/","identifier":9,"image":{"@type":"ImageObject","@id":"https:\/\/secure.gravatar.com\/avatar\/0cb09e128370b1b0ef94f271d65a66512213f8d3e4c4678a4d35da5eb1a9eb1f?s=96&d=mm&r=g","url":"https:\/\/secure.gravatar.com\/avatar\/0cb09e128370b1b0ef94f271d65a66512213f8d3e4c4678a4d35da5eb1a9eb1f?s=96&d=mm&r=g","height":96,"width":96}},"publisher":{"@type":"Organization","name":"Docteur Catherine Albou-Ganem","logo":{"@type":"ImageObject","@id":"https:\/\/presbytie-lasik.fr\/wp-content\/uploads\/2018\/07\/logoAlbouCouleurPNG-1.png","url":"https:\/\/presbytie-lasik.fr\/wp-content\/uploads\/2018\/07\/logoAlbouCouleurPNG-1.png","width":400,"height":164}},"image":{"@type":"ImageObject","@id":"https:\/\/presbytie-lasik.fr\/wp-content\/uploads\/2021\/07\/Peut-on-ame\u0301liorer-le-re\u0301sultat-dun-PresbyLASIK-si-le-re\u0301sultat-nest-pas-celui-attendu-Catherine-Albou-Ganem.jpg","url":"https:\/\/presbytie-lasik.fr\/wp-content\/uploads\/2021\/07\/Peut-on-ame\u0301liorer-le-re\u0301sultat-dun-PresbyLASIK-si-le-re\u0301sultat-nest-pas-celui-attendu-Catherine-Albou-Ganem.jpg","height":450,"width":800},"keywords":null},{"@type":"BlogPosting","@id":"https:\/\/presbytie-lasik.fr\/en\/le-16-janvier-2021-a-eu-lieu-la-13-eme-edition-de-la-journee-consacree-a-la-chirurgie-refractive-innovation\/","headline":"Le 16 Janvier 2021 a eu lieu la 13 \u00e8me \u00e9dition de la Journ\u00e9e consacr\u00e9e \u00e0 la Chirurgie R\u00e9fractive &amp; Innovation","url":"https:\/\/presbytie-lasik.fr\/en\/le-16-janvier-2021-a-eu-lieu-la-13-eme-edition-de-la-journee-consacree-a-la-chirurgie-refractive-innovation\/","datePublished":"2021-02-18","dateModified":"2022-10-31","mainEntityOfPage":"https:\/\/presbytie-lasik.fr\/en\/le-16-janvier-2021-a-eu-lieu-la-13-eme-edition-de-la-journee-consacree-a-la-chirurgie-refractive-innovation\/","author":{"@type":"Person","@id":"https:\/\/presbytie-lasik.fr\/en\/author\/catherine-albou-ganem\/#Person","name":"Catherine Albou-Ganem","url":"https:\/\/presbytie-lasik.fr\/en\/author\/catherine-albou-ganem\/","identifier":9,"image":{"@type":"ImageObject","@id":"https:\/\/secure.gravatar.com\/avatar\/0cb09e128370b1b0ef94f271d65a66512213f8d3e4c4678a4d35da5eb1a9eb1f?s=96&d=mm&r=g","url":"https:\/\/secure.gravatar.com\/avatar\/0cb09e128370b1b0ef94f271d65a66512213f8d3e4c4678a4d35da5eb1a9eb1f?s=96&d=mm&r=g","height":96,"width":96}},"publisher":{"@type":"Organization","name":"Docteur Catherine Albou-Ganem","logo":{"@type":"ImageObject","@id":"https:\/\/presbytie-lasik.fr\/wp-content\/uploads\/2018\/07\/logoAlbouCouleurPNG-1.png","url":"https:\/\/presbytie-lasik.fr\/wp-content\/uploads\/2018\/07\/logoAlbouCouleurPNG-1.png","width":400,"height":164}},"image":{"@type":"ImageObject","@id":"https:\/\/presbytie-lasik.fr\/wp-content\/uploads\/2021\/01\/Catherine-Albou-Ganem-Clinique-de-la-Vision-Paris-2-min.jpg","url":"https:\/\/presbytie-lasik.fr\/wp-content\/uploads\/2021\/01\/Catherine-Albou-Ganem-Clinique-de-la-Vision-Paris-2-min.jpg","height":1101,"width":1683},"keywords":null},{"@type":"BlogPosting","@id":"https:\/\/presbytie-lasik.fr\/en\/peut-on-ameliorer-le-resultat-de-la-chirurgie-de-la-presbytie-en-cas-de-resultat-insuffisant\/","headline":"Peut-on am\u00e9liorer le r\u00e9sultat de la chirurgie de la presbytie en cas de r\u00e9sultat insuffisant ?","url":"https:\/\/presbytie-lasik.fr\/en\/peut-on-ameliorer-le-resultat-de-la-chirurgie-de-la-presbytie-en-cas-de-resultat-insuffisant\/","datePublished":"2020-10-07","dateModified":"2022-07-13","mainEntityOfPage":"https:\/\/presbytie-lasik.fr\/en\/peut-on-ameliorer-le-resultat-de-la-chirurgie-de-la-presbytie-en-cas-de-resultat-insuffisant\/","author":{"@type":"Person","@id":"https:\/\/presbytie-lasik.fr\/en\/author\/catherine-albou-ganem\/#Person","name":"Catherine Albou-Ganem","url":"https:\/\/presbytie-lasik.fr\/en\/author\/catherine-albou-ganem\/","identifier":9,"image":{"@type":"ImageObject","@id":"https:\/\/secure.gravatar.com\/avatar\/0cb09e128370b1b0ef94f271d65a66512213f8d3e4c4678a4d35da5eb1a9eb1f?s=96&d=mm&r=g","url":"https:\/\/secure.gravatar.com\/avatar\/0cb09e128370b1b0ef94f271d65a66512213f8d3e4c4678a4d35da5eb1a9eb1f?s=96&d=mm&r=g","height":96,"width":96}},"publisher":{"@type":"Organization","name":"Docteur Catherine Albou-Ganem","logo":{"@type":"ImageObject","@id":"https:\/\/presbytie-lasik.fr\/wp-content\/uploads\/2018\/07\/logoAlbouCouleurPNG-1.png","url":"https:\/\/presbytie-lasik.fr\/wp-content\/uploads\/2018\/07\/logoAlbouCouleurPNG-1.png","width":400,"height":164}},"image":{"@type":"ImageObject","@id":"https:\/\/presbytie-lasik.fr\/wp-content\/uploads\/2020\/07\/Puis-je-be\u0301ne\u0301ficier-d\u2019une-chirurgie-au-laser-vu-mon-de\u0301gre\u0301-d\u2019ame\u0301tropie-myopie-hyperme\u0301tropie-astigmatisme-Catherine-Albou-Ganem-Presbytie-lasik-paris.jpg","url":"https:\/\/presbytie-lasik.fr\/wp-content\/uploads\/2020\/07\/Puis-je-be\u0301ne\u0301ficier-d\u2019une-chirurgie-au-laser-vu-mon-de\u0301gre\u0301-d\u2019ame\u0301tropie-myopie-hyperme\u0301tropie-astigmatisme-Catherine-Albou-Ganem-Presbytie-lasik-paris.jpg","height":450,"width":800},"keywords":null},{"@type":"BlogPosting","@id":"https:\/\/presbytie-lasik.fr\/en\/puis-je-beneficier-dune-chirurgie-au-laser-vu-mon-degre-dametropie-myopie-hypermetropie-astigmatisme\/","headline":"Peut on ame\u0301liorer le re\u0301sultat de la chirurgie de la presbytie en cas de re\u0301sultat insuffisant ?","url":"https:\/\/presbytie-lasik.fr\/en\/puis-je-beneficier-dune-chirurgie-au-laser-vu-mon-degre-dametropie-myopie-hypermetropie-astigmatisme\/","datePublished":"2020-05-15","dateModified":"2021-10-29","mainEntityOfPage":"https:\/\/presbytie-lasik.fr\/en\/puis-je-beneficier-dune-chirurgie-au-laser-vu-mon-degre-dametropie-myopie-hypermetropie-astigmatisme\/","author":{"@type":"Person","@id":"https:\/\/presbytie-lasik.fr\/en\/author\/catherine-albou-ganem\/#Person","name":"Catherine Albou-Ganem","url":"https:\/\/presbytie-lasik.fr\/en\/author\/catherine-albou-ganem\/","identifier":9,"image":{"@type":"ImageObject","@id":"https:\/\/secure.gravatar.com\/avatar\/0cb09e128370b1b0ef94f271d65a66512213f8d3e4c4678a4d35da5eb1a9eb1f?s=96&d=mm&r=g","url":"https:\/\/secure.gravatar.com\/avatar\/0cb09e128370b1b0ef94f271d65a66512213f8d3e4c4678a4d35da5eb1a9eb1f?s=96&d=mm&r=g","height":96,"width":96}},"publisher":{"@type":"Organization","name":"Docteur Catherine Albou-Ganem","logo":{"@type":"ImageObject","@id":"https:\/\/presbytie-lasik.fr\/wp-content\/uploads\/2018\/07\/logoAlbouCouleurPNG-1.png","url":"https:\/\/presbytie-lasik.fr\/wp-content\/uploads\/2018\/07\/logoAlbouCouleurPNG-1.png","width":400,"height":164}},"image":{"@type":"ImageObject","@id":"https:\/\/presbytie-lasik.fr\/wp-content\/uploads\/2018\/11\/La-Presbytie-Peut-on-reoperer-si-le-resultat-de-la-chirurgie-est-insuffisant-catherine-albou-ganem-Paris.jpeg","url":"https:\/\/presbytie-lasik.fr\/wp-content\/uploads\/2018\/11\/La-Presbytie-Peut-on-reoperer-si-le-resultat-de-la-chirurgie-est-insuffisant-catherine-albou-ganem-Paris.jpeg","height":484,"width":860},"keywords":null},{"@type":"BlogPosting","@id":"https:\/\/presbytie-lasik.fr\/en\/puis-je-conduire-avant-et-apres-une-chirurgie-de-la-presbytie-au-laser\/","headline":"Puis-je conduire avant et apr\u00e8s une chirurgie de la presbytie au laser ?","url":"https:\/\/presbytie-lasik.fr\/en\/puis-je-conduire-avant-et-apres-une-chirurgie-de-la-presbytie-au-laser\/","datePublished":"2020-05-13","dateModified":"2021-10-07","mainEntityOfPage":"https:\/\/presbytie-lasik.fr\/en\/puis-je-conduire-avant-et-apres-une-chirurgie-de-la-presbytie-au-laser\/","author":{"@type":"Person","@id":"https:\/\/presbytie-lasik.fr\/en\/author\/catherine-albou-ganem\/#Person","name":"Catherine Albou-Ganem","url":"https:\/\/presbytie-lasik.fr\/en\/author\/catherine-albou-ganem\/","identifier":9,"image":{"@type":"ImageObject","@id":"https:\/\/secure.gravatar.com\/avatar\/0cb09e128370b1b0ef94f271d65a66512213f8d3e4c4678a4d35da5eb1a9eb1f?s=96&d=mm&r=g","url":"https:\/\/secure.gravatar.com\/avatar\/0cb09e128370b1b0ef94f271d65a66512213f8d3e4c4678a4d35da5eb1a9eb1f?s=96&d=mm&r=g","height":96,"width":96}},"publisher":{"@type":"Organization","name":"Docteur Catherine Albou-Ganem","logo":{"@type":"ImageObject","@id":"https:\/\/presbytie-lasik.fr\/wp-content\/uploads\/2018\/07\/logoAlbouCouleurPNG-1.png","url":"https:\/\/presbytie-lasik.fr\/wp-content\/uploads\/2018\/07\/logoAlbouCouleurPNG-1.png","width":400,"height":164}},"image":{"@type":"ImageObject","@id":"https:\/\/presbytie-lasik.fr\/wp-content\/uploads\/2018\/11\/La-Presbytie-Puis-je-conduire-avant-et-apres-une-chirurgie-de-la-presbytie-au-laser-Dois-je-etre-accompagne-apres-la-chirurgie-de-la-presbytie-au-laser-catherine-albou-ganem-Paris.jpeg","url":"https:\/\/presbytie-lasik.fr\/wp-content\/uploads\/2018\/11\/La-Presbytie-Puis-je-conduire-avant-et-apres-une-chirurgie-de-la-presbytie-au-laser-Dois-je-etre-accompagne-apres-la-chirurgie-de-la-presbytie-au-laser-catherine-albou-ganem-Paris.jpeg","height":484,"width":860},"keywords":null},{"@type":"BlogPosting","@id":"https:\/\/presbytie-lasik.fr\/en\/dois-je-etre-accompagne-apres-la-chirurgie-de-la-presbytie-au-laser\/","headline":"Dois-je \u00eatre accompagn\u00e9 apr\u00e8s la chirurgie de la presbytie au laser ?","url":"https:\/\/presbytie-lasik.fr\/en\/dois-je-etre-accompagne-apres-la-chirurgie-de-la-presbytie-au-laser\/","datePublished":"2020-05-08","dateModified":"2021-06-30","mainEntityOfPage":"https:\/\/presbytie-lasik.fr\/en\/dois-je-etre-accompagne-apres-la-chirurgie-de-la-presbytie-au-laser\/","author":{"@type":"Person","@id":"https:\/\/presbytie-lasik.fr\/en\/author\/catherine-albou-ganem\/#Person","name":"Catherine Albou-Ganem","url":"https:\/\/presbytie-lasik.fr\/en\/author\/catherine-albou-ganem\/","identifier":9,"image":{"@type":"ImageObject","@id":"https:\/\/secure.gravatar.com\/avatar\/0cb09e128370b1b0ef94f271d65a66512213f8d3e4c4678a4d35da5eb1a9eb1f?s=96&d=mm&r=g","url":"https:\/\/secure.gravatar.com\/avatar\/0cb09e128370b1b0ef94f271d65a66512213f8d3e4c4678a4d35da5eb1a9eb1f?s=96&d=mm&r=g","height":96,"width":96}},"publisher":{"@type":"Organization","name":"Docteur Catherine Albou-Ganem","logo":{"@type":"ImageObject","@id":"https:\/\/presbytie-lasik.fr\/wp-content\/uploads\/2018\/07\/logoAlbouCouleurPNG-1.png","url":"https:\/\/presbytie-lasik.fr\/wp-content\/uploads\/2018\/07\/logoAlbouCouleurPNG-1.png","width":400,"height":164}},"image":{"@type":"ImageObject","@id":"https:\/\/presbytie-lasik.fr\/wp-content\/uploads\/2018\/11\/La-Presbytie-Dois-je-etre-accompagne-apres-la-chirurgie-de-la-presbytie-au-laser-catherine-albou-ganem-Paris.jpeg","url":"https:\/\/presbytie-lasik.fr\/wp-content\/uploads\/2018\/11\/La-Presbytie-Dois-je-etre-accompagne-apres-la-chirurgie-de-la-presbytie-au-laser-catherine-albou-ganem-Paris.jpeg","height":484,"width":860},"keywords":null},{"@type":"BlogPosting","@id":"https:\/\/presbytie-lasik.fr\/en\/si-jaime-mes-lunettes-puis-je-etre-operer-dun-seul-defaut-de-vision\/","headline":"Si j\u2019aime mes lunettes puis-je \u00eatre op\u00e9rer d\u2019un seul d\u00e9faut de vision ?","url":"https:\/\/presbytie-lasik.fr\/en\/si-jaime-mes-lunettes-puis-je-etre-operer-dun-seul-defaut-de-vision\/","datePublished":"2020-05-06","dateModified":"2021-10-07","mainEntityOfPage":"https:\/\/presbytie-lasik.fr\/en\/si-jaime-mes-lunettes-puis-je-etre-operer-dun-seul-defaut-de-vision\/","author":{"@type":"Person","@id":"https:\/\/presbytie-lasik.fr\/en\/author\/catherine-albou-ganem\/#Person","name":"Catherine Albou-Ganem","url":"https:\/\/presbytie-lasik.fr\/en\/author\/catherine-albou-ganem\/","identifier":9,"image":{"@type":"ImageObject","@id":"https:\/\/secure.gravatar.com\/avatar\/0cb09e128370b1b0ef94f271d65a66512213f8d3e4c4678a4d35da5eb1a9eb1f?s=96&d=mm&r=g","url":"https:\/\/secure.gravatar.com\/avatar\/0cb09e128370b1b0ef94f271d65a66512213f8d3e4c4678a4d35da5eb1a9eb1f?s=96&d=mm&r=g","height":96,"width":96}},"publisher":{"@type":"Organization","name":"Docteur Catherine Albou-Ganem","logo":{"@type":"ImageObject","@id":"https:\/\/presbytie-lasik.fr\/wp-content\/uploads\/2018\/07\/logoAlbouCouleurPNG-1.png","url":"https:\/\/presbytie-lasik.fr\/wp-content\/uploads\/2018\/07\/logoAlbouCouleurPNG-1.png","width":400,"height":164}},"image":{"@type":"ImageObject","@id":"https:\/\/presbytie-lasik.fr\/wp-content\/uploads\/2018\/11\/La-Presbytie-Si-jaime-mes-lunettes-puis-je-etre-operer-dun-seul-defaut-de-vision-catherine-albou-ganem-Paris.jpeg","url":"https:\/\/presbytie-lasik.fr\/wp-content\/uploads\/2018\/11\/La-Presbytie-Si-jaime-mes-lunettes-puis-je-etre-operer-dun-seul-defaut-de-vision-catherine-albou-ganem-Paris.jpeg","height":484,"width":860},"keywords":null},{"@type":"BlogPosting","@id":"https:\/\/presbytie-lasik.fr\/en\/puis-je-me-faire-operera-au-laser-de-la-presbytie-si-jai-deja-eu-un-lasik\/","headline":"Puis je me faire op\u00e9rera au laser de la presbytie si j\u2019ai d\u00e9j\u00e0 eu un Lasik ?","url":"https:\/\/presbytie-lasik.fr\/en\/puis-je-me-faire-operera-au-laser-de-la-presbytie-si-jai-deja-eu-un-lasik\/","datePublished":"2020-04-29","dateModified":"2021-10-07","mainEntityOfPage":"https:\/\/presbytie-lasik.fr\/en\/puis-je-me-faire-operera-au-laser-de-la-presbytie-si-jai-deja-eu-un-lasik\/","author":{"@type":"Person","@id":"https:\/\/presbytie-lasik.fr\/en\/author\/catherine-albou-ganem\/#Person","name":"Catherine Albou-Ganem","url":"https:\/\/presbytie-lasik.fr\/en\/author\/catherine-albou-ganem\/","identifier":9,"image":{"@type":"ImageObject","@id":"https:\/\/secure.gravatar.com\/avatar\/0cb09e128370b1b0ef94f271d65a66512213f8d3e4c4678a4d35da5eb1a9eb1f?s=96&d=mm&r=g","url":"https:\/\/secure.gravatar.com\/avatar\/0cb09e128370b1b0ef94f271d65a66512213f8d3e4c4678a4d35da5eb1a9eb1f?s=96&d=mm&r=g","height":96,"width":96}},"publisher":{"@type":"Organization","name":"Docteur Catherine Albou-Ganem","logo":{"@type":"ImageObject","@id":"https:\/\/presbytie-lasik.fr\/wp-content\/uploads\/2018\/07\/logoAlbouCouleurPNG-1.png","url":"https:\/\/presbytie-lasik.fr\/wp-content\/uploads\/2018\/07\/logoAlbouCouleurPNG-1.png","width":400,"height":164}},"image":{"@type":"ImageObject","@id":"https:\/\/presbytie-lasik.fr\/wp-content\/uploads\/2018\/11\/La-Presbytie-Puis-je-me-faire-operer-au-laser-de-la-presbytie-si-jai-de\u0301ja\u0300-eu-un-LASIK-catherine-albou-ganem-Paris.jpeg","url":"https:\/\/presbytie-lasik.fr\/wp-content\/uploads\/2018\/11\/La-Presbytie-Puis-je-me-faire-operer-au-laser-de-la-presbytie-si-jai-de\u0301ja\u0300-eu-un-LASIK-catherine-albou-ganem-Paris.jpeg","height":484,"width":860},"keywords":null},{"@type":"BlogPosting","@id":"https:\/\/presbytie-lasik.fr\/en\/puis-je-etre-presbyte-avant-lage-de-40-ans\/","headline":"Puis je \u00eatre presbyte avant l\u2019\u00e2ge de 40 ans ?","url":"https:\/\/presbytie-lasik.fr\/en\/puis-je-etre-presbyte-avant-lage-de-40-ans\/","datePublished":"2020-04-24","dateModified":"2021-10-07","mainEntityOfPage":"https:\/\/presbytie-lasik.fr\/en\/puis-je-etre-presbyte-avant-lage-de-40-ans\/","author":{"@type":"Person","@id":"https:\/\/presbytie-lasik.fr\/en\/author\/catherine-albou-ganem\/#Person","name":"Catherine Albou-Ganem","url":"https:\/\/presbytie-lasik.fr\/en\/author\/catherine-albou-ganem\/","identifier":9,"image":{"@type":"ImageObject","@id":"https:\/\/secure.gravatar.com\/avatar\/0cb09e128370b1b0ef94f271d65a66512213f8d3e4c4678a4d35da5eb1a9eb1f?s=96&d=mm&r=g","url":"https:\/\/secure.gravatar.com\/avatar\/0cb09e128370b1b0ef94f271d65a66512213f8d3e4c4678a4d35da5eb1a9eb1f?s=96&d=mm&r=g","height":96,"width":96}},"publisher":{"@type":"Organization","name":"Docteur Catherine Albou-Ganem","logo":{"@type":"ImageObject","@id":"https:\/\/presbytie-lasik.fr\/wp-content\/uploads\/2018\/07\/logoAlbouCouleurPNG-1.png","url":"https:\/\/presbytie-lasik.fr\/wp-content\/uploads\/2018\/07\/logoAlbouCouleurPNG-1.png","width":400,"height":164}},"image":{"@type":"ImageObject","@id":"https:\/\/presbytie-lasik.fr\/wp-content\/uploads\/2018\/11\/La-Presbytie-Puis-je-etre-presbyte-avant-la\u0302ge-de-40-ans-catherine-albou-ganem-Paris.jpeg","url":"https:\/\/presbytie-lasik.fr\/wp-content\/uploads\/2018\/11\/La-Presbytie-Puis-je-etre-presbyte-avant-la\u0302ge-de-40-ans-catherine-albou-ganem-Paris.jpeg","height":484,"width":860},"keywords":null}]}