{"@context":"https:\/\/schema.org\/","@type":"CollectionPage","@id":"https:\/\/presbytie-lasik.fr\/en\/category\/uncategorized\/#CollectionPage","headline":"Uncategorized Category","description":"","url":"https:\/\/presbytie-lasik.fr\/en\/category\/uncategorized\/","hasPart":[{"@type":"BlogPosting","@id":"https:\/\/presbytie-lasik.fr\/en\/quel-benefice-ressentent-les-patients-apres-traitements-pour-la-secheresse-oculaire\/","headline":"Quel b\u00e9n\u00e9fice ressentent les patients apr\u00e8s traitements pour la s\u00e9cheresse oculaire ?","url":"https:\/\/presbytie-lasik.fr\/en\/quel-benefice-ressentent-les-patients-apres-traitements-pour-la-secheresse-oculaire\/","datePublished":"2023-05-22","dateModified":"2023-08-26","mainEntityOfPage":"https:\/\/presbytie-lasik.fr\/en\/quel-benefice-ressentent-les-patients-apres-traitements-pour-la-secheresse-oculaire\/","author":{"@type":"Person","@id":"https:\/\/presbytie-lasik.fr\/en\/author\/catherine-albou-ganem\/#Person","name":"Catherine Albou-Ganem","url":"https:\/\/presbytie-lasik.fr\/en\/author\/catherine-albou-ganem\/","identifier":9,"image":{"@type":"ImageObject","@id":"https:\/\/secure.gravatar.com\/avatar\/0cb09e128370b1b0ef94f271d65a66512213f8d3e4c4678a4d35da5eb1a9eb1f?s=96&d=mm&r=g","url":"https:\/\/secure.gravatar.com\/avatar\/0cb09e128370b1b0ef94f271d65a66512213f8d3e4c4678a4d35da5eb1a9eb1f?s=96&d=mm&r=g","height":96,"width":96}},"publisher":{"@type":"Organization","name":"Docteur Catherine Albou-Ganem","logo":{"@type":"ImageObject","@id":"https:\/\/presbytie-lasik.fr\/wp-content\/uploads\/2018\/07\/logoAlbouCouleurPNG-1.png","url":"https:\/\/presbytie-lasik.fr\/wp-content\/uploads\/2018\/07\/logoAlbouCouleurPNG-1.png","width":400,"height":164}},"image":{"@type":"ImageObject","@id":"https:\/\/presbytie-lasik.fr\/wp-content\/uploads\/2023\/03\/49974070182_a5d6811997_c.jpg","url":"https:\/\/presbytie-lasik.fr\/wp-content\/uploads\/2023\/03\/49974070182_a5d6811997_c.jpg","height":450,"width":800},"keywords":null},{"@type":"BlogPosting","@id":"https:\/\/presbytie-lasik.fr\/en\/prix-de-la-chirurgie-oculaire-au-laser-2023\/","headline":"Prix de la chirurgie oculaire au laser 2023","url":"https:\/\/presbytie-lasik.fr\/en\/prix-de-la-chirurgie-oculaire-au-laser-2023\/","datePublished":"2023-02-01","dateModified":"2023-08-26","mainEntityOfPage":"https:\/\/presbytie-lasik.fr\/en\/prix-de-la-chirurgie-oculaire-au-laser-2023\/","author":{"@type":"Person","@id":"https:\/\/presbytie-lasik.fr\/en\/author\/catherine-albou-ganem\/#Person","name":"Catherine Albou-Ganem","url":"https:\/\/presbytie-lasik.fr\/en\/author\/catherine-albou-ganem\/","identifier":9,"image":{"@type":"ImageObject","@id":"https:\/\/secure.gravatar.com\/avatar\/0cb09e128370b1b0ef94f271d65a66512213f8d3e4c4678a4d35da5eb1a9eb1f?s=96&d=mm&r=g","url":"https:\/\/secure.gravatar.com\/avatar\/0cb09e128370b1b0ef94f271d65a66512213f8d3e4c4678a4d35da5eb1a9eb1f?s=96&d=mm&r=g","height":96,"width":96}},"publisher":{"@type":"Organization","name":"Docteur Catherine Albou-Ganem","logo":{"@type":"ImageObject","@id":"https:\/\/presbytie-lasik.fr\/wp-content\/uploads\/2018\/07\/logoAlbouCouleurPNG-1.png","url":"https:\/\/presbytie-lasik.fr\/wp-content\/uploads\/2018\/07\/logoAlbouCouleurPNG-1.png","width":400,"height":164}},"image":{"@type":"ImageObject","@id":"https:\/\/presbytie-lasik.fr\/wp-content\/uploads\/2023\/01\/Laser-eye-surgery-price-2023-Presbytie-Lasik-Catherine-Albou-Ganem-Paris.jpg","url":"https:\/\/presbytie-lasik.fr\/wp-content\/uploads\/2023\/01\/Laser-eye-surgery-price-2023-Presbytie-Lasik-Catherine-Albou-Ganem-Paris.jpg","height":534,"width":950},"keywords":null},{"@type":"BlogPosting","@id":"https:\/\/presbytie-lasik.fr\/en\/quels-sont-les-risques-des-traitements-pour-la-secheresse-oculaire\/","headline":"Quels sont les risques des traitements pour la s\u00e9cheresse oculaire ?","url":"https:\/\/presbytie-lasik.fr\/en\/quels-sont-les-risques-des-traitements-pour-la-secheresse-oculaire\/","datePublished":"2022-04-25","dateModified":"2022-05-24","mainEntityOfPage":"https:\/\/presbytie-lasik.fr\/en\/quels-sont-les-risques-des-traitements-pour-la-secheresse-oculaire\/","author":{"@type":"Person","@id":"https:\/\/presbytie-lasik.fr\/en\/author\/catherine-albou-ganem\/#Person","name":"Catherine Albou-Ganem","url":"https:\/\/presbytie-lasik.fr\/en\/author\/catherine-albou-ganem\/","identifier":9,"image":{"@type":"ImageObject","@id":"https:\/\/secure.gravatar.com\/avatar\/0cb09e128370b1b0ef94f271d65a66512213f8d3e4c4678a4d35da5eb1a9eb1f?s=96&d=mm&r=g","url":"https:\/\/secure.gravatar.com\/avatar\/0cb09e128370b1b0ef94f271d65a66512213f8d3e4c4678a4d35da5eb1a9eb1f?s=96&d=mm&r=g","height":96,"width":96}},"publisher":{"@type":"Organization","name":"Docteur Catherine Albou-Ganem","logo":{"@type":"ImageObject","@id":"https:\/\/presbytie-lasik.fr\/wp-content\/uploads\/2018\/07\/logoAlbouCouleurPNG-1.png","url":"https:\/\/presbytie-lasik.fr\/wp-content\/uploads\/2018\/07\/logoAlbouCouleurPNG-1.png","width":400,"height":164}},"image":{"@type":"ImageObject","@id":"https:\/\/presbytie-lasik.fr\/wp-content\/uploads\/2022\/02\/Quels-sont-les-risques-des-traitements-pour-la-se\u0301cheresse-oculaire-Presbytie-Lasik-Catherine-Albou-Ganem-Paris.jpg","url":"https:\/\/presbytie-lasik.fr\/wp-content\/uploads\/2022\/02\/Quels-sont-les-risques-des-traitements-pour-la-se\u0301cheresse-oculaire-Presbytie-Lasik-Catherine-Albou-Ganem-Paris.jpg","height":450,"width":800},"keywords":null},{"@type":"BlogPosting","@id":"https:\/\/presbytie-lasik.fr\/en\/dois-je-etre-accompagne-apres-la-chirurgie-de-la-presbytie-au-laser\/","headline":"Dois-je \u00eatre accompagn\u00e9 apr\u00e8s la chirurgie de la presbytie au laser ?","url":"https:\/\/presbytie-lasik.fr\/en\/dois-je-etre-accompagne-apres-la-chirurgie-de-la-presbytie-au-laser\/","datePublished":"2020-05-08","dateModified":"2021-06-30","mainEntityOfPage":"https:\/\/presbytie-lasik.fr\/en\/dois-je-etre-accompagne-apres-la-chirurgie-de-la-presbytie-au-laser\/","author":{"@type":"Person","@id":"https:\/\/presbytie-lasik.fr\/en\/author\/catherine-albou-ganem\/#Person","name":"Catherine Albou-Ganem","url":"https:\/\/presbytie-lasik.fr\/en\/author\/catherine-albou-ganem\/","identifier":9,"image":{"@type":"ImageObject","@id":"https:\/\/secure.gravatar.com\/avatar\/0cb09e128370b1b0ef94f271d65a66512213f8d3e4c4678a4d35da5eb1a9eb1f?s=96&d=mm&r=g","url":"https:\/\/secure.gravatar.com\/avatar\/0cb09e128370b1b0ef94f271d65a66512213f8d3e4c4678a4d35da5eb1a9eb1f?s=96&d=mm&r=g","height":96,"width":96}},"publisher":{"@type":"Organization","name":"Docteur Catherine Albou-Ganem","logo":{"@type":"ImageObject","@id":"https:\/\/presbytie-lasik.fr\/wp-content\/uploads\/2018\/07\/logoAlbouCouleurPNG-1.png","url":"https:\/\/presbytie-lasik.fr\/wp-content\/uploads\/2018\/07\/logoAlbouCouleurPNG-1.png","width":400,"height":164}},"image":{"@type":"ImageObject","@id":"https:\/\/presbytie-lasik.fr\/wp-content\/uploads\/2018\/11\/La-Presbytie-Dois-je-etre-accompagne-apres-la-chirurgie-de-la-presbytie-au-laser-catherine-albou-ganem-Paris.jpeg","url":"https:\/\/presbytie-lasik.fr\/wp-content\/uploads\/2018\/11\/La-Presbytie-Dois-je-etre-accompagne-apres-la-chirurgie-de-la-presbytie-au-laser-catherine-albou-ganem-Paris.jpeg","height":484,"width":860},"keywords":null},{"@type":"BlogPosting","@id":"https:\/\/presbytie-lasik.fr\/en\/aurais-je-besoin-de-lunettes-apres-une-chirurgie-de-la-presbytie-si-oui-pour-quelles-activites-bp\/","headline":"Aurais-je besoin de lunettes apr\u00e8s une chirurgie de la Presbytie ? si oui pour quelles activit\u00e9s ?","url":"https:\/\/presbytie-lasik.fr\/en\/aurais-je-besoin-de-lunettes-apres-une-chirurgie-de-la-presbytie-si-oui-pour-quelles-activites-bp\/","datePublished":"2020-03-04","dateModified":"2020-03-04","mainEntityOfPage":"https:\/\/presbytie-lasik.fr\/en\/aurais-je-besoin-de-lunettes-apres-une-chirurgie-de-la-presbytie-si-oui-pour-quelles-activites-bp\/","author":{"@type":"Person","@id":"https:\/\/presbytie-lasik.fr\/en\/author\/catherine-albou-ganem\/#Person","name":"Catherine Albou-Ganem","url":"https:\/\/presbytie-lasik.fr\/en\/author\/catherine-albou-ganem\/","identifier":9,"image":{"@type":"ImageObject","@id":"https:\/\/secure.gravatar.com\/avatar\/0cb09e128370b1b0ef94f271d65a66512213f8d3e4c4678a4d35da5eb1a9eb1f?s=96&d=mm&r=g","url":"https:\/\/secure.gravatar.com\/avatar\/0cb09e128370b1b0ef94f271d65a66512213f8d3e4c4678a4d35da5eb1a9eb1f?s=96&d=mm&r=g","height":96,"width":96}},"publisher":{"@type":"Organization","name":"Docteur Catherine Albou-Ganem","logo":{"@type":"ImageObject","@id":"https:\/\/presbytie-lasik.fr\/wp-content\/uploads\/2018\/07\/logoAlbouCouleurPNG-1.png","url":"https:\/\/presbytie-lasik.fr\/wp-content\/uploads\/2018\/07\/logoAlbouCouleurPNG-1.png","width":400,"height":164}},"image":null,"keywords":null},{"@type":"BlogPosting","@id":"https:\/\/presbytie-lasik.fr\/en\/aurais-je-besoin-de-lunettes-apres-une-chirurgie-de-la-presbytie-si-oui-pour-quelles-activites-bp-2\/","headline":"Aurais-je besoin de lunettes apr\u00e8s une chirurgie de la Presbytie ? si oui pour quelles activit\u00e9s ?","url":"https:\/\/presbytie-lasik.fr\/en\/aurais-je-besoin-de-lunettes-apres-une-chirurgie-de-la-presbytie-si-oui-pour-quelles-activites-bp-2\/","datePublished":"2020-03-04","dateModified":"2021-10-07","mainEntityOfPage":"https:\/\/presbytie-lasik.fr\/en\/aurais-je-besoin-de-lunettes-apres-une-chirurgie-de-la-presbytie-si-oui-pour-quelles-activites-bp-2\/","author":{"@type":"Person","@id":"https:\/\/presbytie-lasik.fr\/en\/author\/catherine-albou-ganem\/#Person","name":"Catherine Albou-Ganem","url":"https:\/\/presbytie-lasik.fr\/en\/author\/catherine-albou-ganem\/","identifier":9,"image":{"@type":"ImageObject","@id":"https:\/\/secure.gravatar.com\/avatar\/0cb09e128370b1b0ef94f271d65a66512213f8d3e4c4678a4d35da5eb1a9eb1f?s=96&d=mm&r=g","url":"https:\/\/secure.gravatar.com\/avatar\/0cb09e128370b1b0ef94f271d65a66512213f8d3e4c4678a4d35da5eb1a9eb1f?s=96&d=mm&r=g","height":96,"width":96}},"publisher":{"@type":"Organization","name":"Docteur Catherine Albou-Ganem","logo":{"@type":"ImageObject","@id":"https:\/\/presbytie-lasik.fr\/wp-content\/uploads\/2018\/07\/logoAlbouCouleurPNG-1.png","url":"https:\/\/presbytie-lasik.fr\/wp-content\/uploads\/2018\/07\/logoAlbouCouleurPNG-1.png","width":400,"height":164}},"image":null,"keywords":null},{"@type":"BlogPosting","@id":"https:\/\/presbytie-lasik.fr\/en\/est-ce-facile-de-sadapter-a-la-monovision-est-ce-que-tout-le-monde-peut-sy-adapter-bp\/","headline":"Est-ce facile de s\u2019adapter \u00e0 la monovision ? Est-ce que tout le monde peut s\u2019y adapter ?","url":"https:\/\/presbytie-lasik.fr\/en\/est-ce-facile-de-sadapter-a-la-monovision-est-ce-que-tout-le-monde-peut-sy-adapter-bp\/","datePublished":"2020-02-14","dateModified":"2020-01-28","mainEntityOfPage":"https:\/\/presbytie-lasik.fr\/en\/est-ce-facile-de-sadapter-a-la-monovision-est-ce-que-tout-le-monde-peut-sy-adapter-bp\/","author":{"@type":"Person","@id":"https:\/\/presbytie-lasik.fr\/en\/author\/catherine-albou-ganem\/#Person","name":"Catherine Albou-Ganem","url":"https:\/\/presbytie-lasik.fr\/en\/author\/catherine-albou-ganem\/","identifier":9,"image":{"@type":"ImageObject","@id":"https:\/\/secure.gravatar.com\/avatar\/0cb09e128370b1b0ef94f271d65a66512213f8d3e4c4678a4d35da5eb1a9eb1f?s=96&d=mm&r=g","url":"https:\/\/secure.gravatar.com\/avatar\/0cb09e128370b1b0ef94f271d65a66512213f8d3e4c4678a4d35da5eb1a9eb1f?s=96&d=mm&r=g","height":96,"width":96}},"publisher":{"@type":"Organization","name":"Docteur Catherine Albou-Ganem","logo":{"@type":"ImageObject","@id":"https:\/\/presbytie-lasik.fr\/wp-content\/uploads\/2018\/07\/logoAlbouCouleurPNG-1.png","url":"https:\/\/presbytie-lasik.fr\/wp-content\/uploads\/2018\/07\/logoAlbouCouleurPNG-1.png","width":400,"height":164}},"image":{"@type":"ImageObject","@id":"https:\/\/presbytie-lasik.fr\/wp-content\/uploads\/2018\/11\/La-Presbytie-Est-ce-facile-de-sadapter-a-la-monovision-Est-ce-que-tout-le-monde-peut-sy-adapter-catherine-albou-ganem-Paris.jpeg","url":"https:\/\/presbytie-lasik.fr\/wp-content\/uploads\/2018\/11\/La-Presbytie-Est-ce-facile-de-sadapter-a-la-monovision-Est-ce-que-tout-le-monde-peut-sy-adapter-catherine-albou-ganem-Paris.jpeg","height":484,"width":860},"keywords":null},{"@type":"BlogPosting","@id":"https:\/\/presbytie-lasik.fr\/en\/combien-coute-la-chirurgie-de-la-presbytie-bp\/","headline":"Combien co\u00fbte la chirurgie de la presbytie?","url":"https:\/\/presbytie-lasik.fr\/en\/combien-coute-la-chirurgie-de-la-presbytie-bp\/","datePublished":"2020-02-12","dateModified":"2020-01-28","mainEntityOfPage":"https:\/\/presbytie-lasik.fr\/en\/combien-coute-la-chirurgie-de-la-presbytie-bp\/","author":{"@type":"Person","@id":"https:\/\/presbytie-lasik.fr\/en\/author\/catherine-albou-ganem\/#Person","name":"Catherine Albou-Ganem","url":"https:\/\/presbytie-lasik.fr\/en\/author\/catherine-albou-ganem\/","identifier":9,"image":{"@type":"ImageObject","@id":"https:\/\/secure.gravatar.com\/avatar\/0cb09e128370b1b0ef94f271d65a66512213f8d3e4c4678a4d35da5eb1a9eb1f?s=96&d=mm&r=g","url":"https:\/\/secure.gravatar.com\/avatar\/0cb09e128370b1b0ef94f271d65a66512213f8d3e4c4678a4d35da5eb1a9eb1f?s=96&d=mm&r=g","height":96,"width":96}},"publisher":{"@type":"Organization","name":"Docteur Catherine Albou-Ganem","logo":{"@type":"ImageObject","@id":"https:\/\/presbytie-lasik.fr\/wp-content\/uploads\/2018\/07\/logoAlbouCouleurPNG-1.png","url":"https:\/\/presbytie-lasik.fr\/wp-content\/uploads\/2018\/07\/logoAlbouCouleurPNG-1.png","width":400,"height":164}},"image":{"@type":"ImageObject","@id":"https:\/\/presbytie-lasik.fr\/wp-content\/uploads\/2018\/11\/La-Presbytie-Combien-cou\u0302te-la-chirurgie-de-la-presbytie-catherine-albou-ganem-Paris.jpeg","url":"https:\/\/presbytie-lasik.fr\/wp-content\/uploads\/2018\/11\/La-Presbytie-Combien-cou\u0302te-la-chirurgie-de-la-presbytie-catherine-albou-ganem-Paris.jpeg","height":484,"width":860},"keywords":null},{"@type":"BlogPosting","@id":"https:\/\/presbytie-lasik.fr\/en\/quels-sont-les-risques-de-la-chirurgie-de-la-presbytie-au-laser-bp\/","headline":"Quels sont les risques de la chirurgie de la presbytie au laser ?","url":"https:\/\/presbytie-lasik.fr\/en\/quels-sont-les-risques-de-la-chirurgie-de-la-presbytie-au-laser-bp\/","datePublished":"2020-02-07","dateModified":"2020-01-28","mainEntityOfPage":"https:\/\/presbytie-lasik.fr\/en\/quels-sont-les-risques-de-la-chirurgie-de-la-presbytie-au-laser-bp\/","author":{"@type":"Person","@id":"https:\/\/presbytie-lasik.fr\/en\/author\/catherine-albou-ganem\/#Person","name":"Catherine Albou-Ganem","url":"https:\/\/presbytie-lasik.fr\/en\/author\/catherine-albou-ganem\/","identifier":9,"image":{"@type":"ImageObject","@id":"https:\/\/secure.gravatar.com\/avatar\/0cb09e128370b1b0ef94f271d65a66512213f8d3e4c4678a4d35da5eb1a9eb1f?s=96&d=mm&r=g","url":"https:\/\/secure.gravatar.com\/avatar\/0cb09e128370b1b0ef94f271d65a66512213f8d3e4c4678a4d35da5eb1a9eb1f?s=96&d=mm&r=g","height":96,"width":96}},"publisher":{"@type":"Organization","name":"Docteur Catherine Albou-Ganem","logo":{"@type":"ImageObject","@id":"https:\/\/presbytie-lasik.fr\/wp-content\/uploads\/2018\/07\/logoAlbouCouleurPNG-1.png","url":"https:\/\/presbytie-lasik.fr\/wp-content\/uploads\/2018\/07\/logoAlbouCouleurPNG-1.png","width":400,"height":164}},"image":{"@type":"ImageObject","@id":"https:\/\/presbytie-lasik.fr\/wp-content\/uploads\/2018\/11\/La-Presbytie-Quels-sont-les-risques-de-la-chirurgie-de-la-presbytie-au-laser-catherine-albou-ganem-Paris.jpeg","url":"https:\/\/presbytie-lasik.fr\/wp-content\/uploads\/2018\/11\/La-Presbytie-Quels-sont-les-risques-de-la-chirurgie-de-la-presbytie-au-laser-catherine-albou-ganem-Paris.jpeg","height":484,"width":860},"keywords":null},{"@type":"BlogPosting","@id":"https:\/\/presbytie-lasik.fr\/en\/est-ce-que-la-chirurgie-de-la-presbytie-au-laser-est-douloureuse-bp\/","headline":"Est-ce que la chirurgie de la presbytie au laser est douloureuse ?","url":"https:\/\/presbytie-lasik.fr\/en\/est-ce-que-la-chirurgie-de-la-presbytie-au-laser-est-douloureuse-bp\/","datePublished":"2020-01-31","dateModified":"2020-01-28","mainEntityOfPage":"https:\/\/presbytie-lasik.fr\/en\/est-ce-que-la-chirurgie-de-la-presbytie-au-laser-est-douloureuse-bp\/","author":{"@type":"Person","@id":"https:\/\/presbytie-lasik.fr\/en\/author\/catherine-albou-ganem\/#Person","name":"Catherine Albou-Ganem","url":"https:\/\/presbytie-lasik.fr\/en\/author\/catherine-albou-ganem\/","identifier":9,"image":{"@type":"ImageObject","@id":"https:\/\/secure.gravatar.com\/avatar\/0cb09e128370b1b0ef94f271d65a66512213f8d3e4c4678a4d35da5eb1a9eb1f?s=96&d=mm&r=g","url":"https:\/\/secure.gravatar.com\/avatar\/0cb09e128370b1b0ef94f271d65a66512213f8d3e4c4678a4d35da5eb1a9eb1f?s=96&d=mm&r=g","height":96,"width":96}},"publisher":{"@type":"Organization","name":"Docteur Catherine Albou-Ganem","logo":{"@type":"ImageObject","@id":"https:\/\/presbytie-lasik.fr\/wp-content\/uploads\/2018\/07\/logoAlbouCouleurPNG-1.png","url":"https:\/\/presbytie-lasik.fr\/wp-content\/uploads\/2018\/07\/logoAlbouCouleurPNG-1.png","width":400,"height":164}},"image":{"@type":"ImageObject","@id":"https:\/\/presbytie-lasik.fr\/wp-content\/uploads\/2018\/11\/La-Presbytie-Est-ce-que-la-chirurgie-de-la-presbytie-au-laser-est-douloureuse-catherine-albou-ganem-Paris.jpeg","url":"https:\/\/presbytie-lasik.fr\/wp-content\/uploads\/2018\/11\/La-Presbytie-Est-ce-que-la-chirurgie-de-la-presbytie-au-laser-est-douloureuse-catherine-albou-ganem-Paris.jpeg","height":484,"width":860},"keywords":null}]}