{"@context":"https:\/\/schema.org\/","@type":"BlogPosting","@id":"https:\/\/presbytie-lasik.fr\/en\/quelles-sont-vos-competences-pour-le-traitement-de-la-presbytie-bp\/#BlogPosting","mainEntityOfPage":"https:\/\/presbytie-lasik.fr\/en\/quelles-sont-vos-competences-pour-le-traitement-de-la-presbytie-bp\/","headline":"Quelles sont vos comp\u00e9tences pour le traitement de la presbytie ?","name":"Quelles sont vos comp\u00e9tences pour le traitement de la presbytie ?","description":"Je suis tomb\u00e9e dans la chirurgie ophtalmologique quand j\u2019avais dix ans. Mon p\u00e8re \u00e9tait ophtalmologiste , chef de service \u00e0 la Fondation Rothschild . Il m\u2019avait emmen\u00e9e au bloc op\u00e9ratoire voir une intervention. Depuis j&#8217;ai toujours voulu \u00eatre chirurgien ophtalmologiste. J\u2019ai commenc\u00e9 \u00e0 faire de la chirurgie r\u00e9fractive car mon p\u00e8re en faisait et que","datePublished":"2019-12-27","dateModified":"2019-12-19","author":{"@type":"Person","@id":"https:\/\/presbytie-lasik.fr\/en\/author\/catherine-albou-ganem\/#Person","name":"Catherine Albou-Ganem","url":"https:\/\/presbytie-lasik.fr\/en\/author\/catherine-albou-ganem\/","identifier":9,"image":{"@type":"ImageObject","@id":"https:\/\/secure.gravatar.com\/avatar\/0cb09e128370b1b0ef94f271d65a66512213f8d3e4c4678a4d35da5eb1a9eb1f?s=96&d=mm&r=g","url":"https:\/\/secure.gravatar.com\/avatar\/0cb09e128370b1b0ef94f271d65a66512213f8d3e4c4678a4d35da5eb1a9eb1f?s=96&d=mm&r=g","height":96,"width":96}},"publisher":{"@type":"Organization","name":"Docteur Catherine Albou-Ganem","logo":{"@type":"ImageObject","@id":"https:\/\/presbytie-lasik.fr\/wp-content\/uploads\/2018\/07\/logoAlbouCouleurPNG-1.png","url":"https:\/\/presbytie-lasik.fr\/wp-content\/uploads\/2018\/07\/logoAlbouCouleurPNG-1.png","width":400,"height":164}},"image":{"@type":"ImageObject","@id":"https:\/\/presbytie-lasik.fr\/wp-content\/uploads\/2018\/11\/CDV-Quelles-sont-vos-compe\u0301tences-pour-le-traitement-de-la-presbytie-.jpg","url":"https:\/\/presbytie-lasik.fr\/wp-content\/uploads\/2018\/11\/CDV-Quelles-sont-vos-compe\u0301tences-pour-le-traitement-de-la-presbytie-.jpg","height":1080,"width":1920},"url":"https:\/\/presbytie-lasik.fr\/en\/quelles-sont-vos-competences-pour-le-traitement-de-la-presbytie-bp\/","video":{"@context":"http:\/\/schema.org\/","@type":"VideoObject","@id":"https:\/\/www.youtube.com\/watch?v=PZAXTzAhywU#VideoObject","contentUrl":"https:\/\/www.youtube.com\/watch?v=PZAXTzAhywU","name":"Quelles sont vos compe\u0301tences pour le traitement de la presbytie?","description":"Cliquez ici pour en savoir plus: https:\/\/presbytie-lasik.fr\/presbylasik-2\/\nLa passion du Docteur Albou-Ganem pour la chirurgie ophtalmologique lui vient de son p\u00e8re qui \u00e9tait ophtalmologiste. Elle nous explique l'\u00e9volution du laser Excimer et des techniques de la chirurgie r\u00e9fractive pour corriger tous les d\u00e9fauts de vision dont la presbytie. Elle nous raconte \u00e9galement son parcours professionnel.","thumbnailUrl":["https:\/\/i.ytimg.com\/vi\/PZAXTzAhywU\/default.jpg","https:\/\/i.ytimg.com\/vi\/PZAXTzAhywU\/mqdefault.jpg","https:\/\/i.ytimg.com\/vi\/PZAXTzAhywU\/hqdefault.jpg","https:\/\/i.ytimg.com\/vi\/PZAXTzAhywU\/sddefault.jpg"],"uploadDate":"2018-07-25T14:26:11+00:00","duration":"PT2M56S","embedUrl":"https:\/\/www.youtube.com\/embed\/PZAXTzAhywU","publisher":{"@type":"Organization","@id":"https:\/\/www.youtube.com\/channel\/UCzXsBtCk5Kf3rI6J9FmeHXQ#Organization","url":"https:\/\/www.youtube.com\/channel\/UCzXsBtCk5Kf3rI6J9FmeHXQ","name":"Clinique de la Vision","description":"Avez-vous 40 ans ou plus? Souhaitez vous pouvoir lire sans lunettes?\n\nNous permettons aux patients de s\u2019affranchir de leurs lunettes et de leurs lentilles de contact de fa\u00e7on s\u00fbre et efficace.\n\nAppelez-nous pour prendre rendez-vous afin que nous puissions envisager votre bilan pour une chirurgie pour une vie sans lunettes.\n\nJe suis sp\u00e9cialis\u00e9e en chirurgie r\u00e9fractive et en chirurgie de la cataracte.\n\nJe m\u2019occupe principalement de patients atteints de presbytie ainsi que ceux ayant des probl\u00e8mes de vision comme la myopie, l\u2019hyperm\u00e9tropie et l\u2019astigmatisme.\n\nJe prends \u00e9galement en charge les patients souffrant de s\u00e9cheresse oculaire.\n\nObtenez notre guide gratuit sur la fa\u00e7on dont vous pouvez lire \u00e0 nouveau sans lunettes.\n\nDocteur Catherine Albou-Ganem, chirurgien r\u00e9fractif \u00e0 Paris, France.","logo":{"url":"https:\/\/yt3.ggpht.com\/ytc\/AIdro_krYxo974bNVVrQIyMi9bSlfxbdmp7vGJJYJ-6WgH1aog=s800-c-k-c0x00ffffff-no-rj","width":800,"height":800,"@type":"ImageObject","@id":"https:\/\/www.youtube.com\/watch?v=PZAXTzAhywU#VideoObject_publisher_logo_ImageObject"}},"potentialAction":{"@type":"SeekToAction","@id":"https:\/\/www.youtube.com\/watch?v=PZAXTzAhywU#VideoObject_potentialAction","target":"https:\/\/www.youtube.com\/watch?v=PZAXTzAhywU&t={seek_to_second_number}","startOffset-input":"required name=seek_to_second_number"},"interactionStatistic":[[{"@type":"InteractionCounter","@id":"https:\/\/www.youtube.com\/watch?v=PZAXTzAhywU#VideoObject_interactionStatistic_WatchAction","interactionType":{"@type":"WatchAction"},"userInteractionCount":174}]]},"about":["Presbyopia"],"wordCount":500,"articleBody":"Je suis tomb\u00e9e dans la chirurgie ophtalmologique quand j\u2019avais dix ans. Mon p\u00e8re \u00e9tait ophtalmologiste , chef de service \u00e0 la Fondation Rothschild . Il m\u2019avait emmen\u00e9e au bloc op\u00e9ratoire voir une intervention. Depuis j&#8217;ai toujours voulu \u00eatre chirurgien ophtalmologiste.J\u2019ai commenc\u00e9 \u00e0 faire de la chirurgie r\u00e9fractive car mon p\u00e8re en faisait et que j\u2019adorais le voir op\u00e9rer. Je me suis passionn\u00e9e pour cette chirurgie, qui \u00e0 l\u2019\u00e9poque n\u00e9cessitait des machines tr\u00e8s compliqu\u00e9es ou se faisait par des incisions radiaires peu pr\u00e9cises. Puis par chance lle premier laser Excimer fran\u00e7ais a \u00e9t\u00e9 install\u00e9 au Quinze-Vingts.J\u2019\u00e9tais \u00e0 l\u2019\u00e9poque assistante et j\u2019ai donc particip\u00e9 \u00e0 la premi\u00e8re \u00e9valuation fran\u00e7aise du laser Excimer. Cette passion pour la chirurgie r\u00e9fractive s\u2019est confirm\u00e9e et j\u2019ai continu\u00e9 \u00e0 apprendre toutes les techniques pour poser les meilleures indications en fonction de chaque cas.\u00abJ\u2019ai commenc\u00e9 \u00e0 faire de la chirurgie r\u00e9fractive parce que mon p\u00e8re en faisait et que j\u2019adorais le voir op\u00e9rer.\u00bbLe premier d\u00e9faut de vision corrig\u00e9 au laser \u00e9tait la myopie. Puis les logiciels lasers ont permis la correction de l\u2019astigmatisme , puis de l\u2019hyperm\u00e9tropie et enfin de la presbytie depuis le d\u00e9but des ann\u00e9es 2000.Ce n\u2019est donc pas si r\u00e9cent. On a du recul, et les logiciels des lasers s&#8217;am\u00e9liorent sans cesse.Tous les lasers poss\u00e8dent des programmes sp\u00e9cifiques pour corriger la presbytie. Les corrections sont tr\u00e8s performantes. Elles sont efficaces, s\u00fbres, pr\u00e9dictibles avec un taux de succ\u00e8s qui est quasiment de 100 %, m\u00eame si on ne peut jamais le garantir .Je suis donc arriv\u00e9e naturellement \u00e0 cette chirurgie de la presbytie \u00e0 la fois au laser, avec les lenticules intra-corn\u00e9ens, ou les implants intraoculaires multifocaux, avec pour but d\u2019\u00eatre le plus efficace possible pour retirer les lunettes des patients op\u00e9r\u00e9s.Je participe par ailleurs comme oratrice \u00e0 de nombreux congr\u00e8s nationaux ou internationaux. J&#8217;\u00e9cris de nombreux articles et livres consacr\u00e9s \u00e0 cette chirurgie.J\u2019ai pr\u00e9sid\u00e9 la Soci\u00e9t\u00e9 Fran\u00e7aise de cette sp\u00e9cialit\u00e9, la SAFIR consacr\u00e9e \u00e0 la chirurgie de la cataracte, aux implants intraoculaires et \u00e0 la chirurgie r\u00e9fractive au laser .ARE YOU 40 OR OVER?WE SPECIALISE IN HELPING PEOPLE OF EVERY AGE READ AGAIN WITHOUT GLASSESLEARN MORE &gt;About the authorDoctor Catherine Albou-GanemConsultant Ophthalmic Surgeon\u00a0I am Catherine Albou-Ganem and I am an ophthalmic surgeon brought up in a family of ophthalmologists. I had a passion for \u2018the eye\u2019 and \u2018the vision\u2019 from my childhood. This was the subject of my first presentation at school.Today, I share my refractive surgery activity between the hospital and the private sector.I am proud to have contributed to the development of new laser refractive surgery techniques that can correct vision defects with accurate, effective and safe results when respecting the indications."}