{"id":14044,"date":"2022-07-04T21:03:25","date_gmt":"2022-07-04T20:03:25","guid":{"rendered":"https:\/\/presbytie-lasik.fr\/la-diversite-et-la-technicite-grandissantes-des-lasers\/"},"modified":"2022-12-13T16:19:16","modified_gmt":"2022-12-13T15:19:16","slug":"la-diversite-et-la-technicite-grandissantes-des-lasers","status":"publish","type":"post","link":"https:\/\/presbytie-lasik.fr\/en\/la-diversite-et-la-technicite-grandissantes-des-lasers\/","title":{"rendered":"La diversit\u00e9 et la technicit\u00e9 grandissantes des lasers"},"content":{"rendered":"<p><div class=\"fusion-fullwidth fullwidth-box fusion-builder-row-1 nonhundred-percent-fullwidth non-hundred-percent-height-scrolling\" style=\"--awb-border-radius-top-left:0px;--awb-border-radius-top-right:0px;--awb-border-radius-bottom-right:0px;--awb-border-radius-bottom-left:0px;--awb-flex-wrap:wrap;\" ><div class=\"fusion-builder-row fusion-row\"><div class=\"fusion-layout-column fusion_builder_column fusion-builder-column-0 fusion_builder_column_1_1 1_1 fusion-one-full fusion-column-first fusion-column-last\" style=\"--awb-bg-size:cover;--awb-margin-bottom:0px;\"><div class=\"fusion-column-wrapper fusion-flex-column-wrapper-legacy\"><a class=\"awb-lightbox awb-lightbox-1\"><img class=\"lazyload\" decoding=\"async\" src=\"data:image\/svg+xml,%3Csvg%20xmlns%3D%27http%3A%2F%2Fwww.w3.org%2F2000%2Fsvg%27%20width%3D%27950%27%20height%3D%27534%27%20viewBox%3D%270%200%20950%20534%27%3E%3Crect%20width%3D%27950%27%20height%3D%27534%27%20fill-opacity%3D%220%22%2F%3E%3C%2Fsvg%3E\" data-orig-src=\"https:\/\/presbytie-lasik.fr\/wp-content\/uploads\/2022\/06\/La-diversite-et-la-technicite-grandissantes-des-lasers-Presbytie-Lasik-Catherine-Albou-Ganem-Paris.jpeg\"><\/a><div class=\"fusion-sep-clear\"><\/div><div class=\"fusion-separator fusion-full-width-sep\" style=\"margin-left: auto;margin-right: auto;margin-bottom:20px;width:100%;\"><\/div><div class=\"fusion-sep-clear\"><\/div><div class=\"fusion-text fusion-text-1\"><p>La diversit\u00e9 et la technicit\u00e9 grandissantes des lasers nous permettent d&#8217;aider un panel de patients de plus en plus large, et autorisent une vie sans verres correcteurs ou lentilles de contact.<\/p>\n<p>J&#8217;\u00e9voque souvent la chirurgie r\u00e9fractive comme rem\u00e8de \u00e0 la presbytie, alt\u00e9ration de la vision qui appara\u00eet commun\u00e9ment \u00e0 partir de 40 ans avec l&#8217;\u00e9volution naturelle de l&#8217;oeil.<\/p>\n<p>Comme le d\u00e9veloppe mon confr\u00e8re chirurgien ophtalmologue au CHU de Reims, <a href=\"https:\/\/www.linkedin.com\/in\/ACoAACh85JEBjbmSttd4mYGDxTCTrSfO74Mxv-c\" target=\"_blank\" rel=\"noopener\">Alexandre Denoyer,<\/a> dans cet article de <a href=\"https:\/\/www.linkedin.com\/company\/sciences-et-avenir\/\" target=\"_blank\" rel=\"noopener\">Sciences et Avenir<\/a>, cette chirurgie est aussi une alternative \u00e0 la myopie, trouble de la vue qui se traduit par une vision floue de loin et nette de pr\u00e8s.<\/p>\n<p>Cette op\u00e9ration requiert certaines conditions, se pratique plut\u00f4t apr\u00e8s 25 ans lorsque la myopie est stable. Mais contrairement aux id\u00e9es re\u00e7ues, elle peut \u00eatre r\u00e9alis\u00e9e apr\u00e8s 40 ans lorsque la presbytie s&#8217;installe.<\/p>\n<p>Tous les d\u00e9fauts de vision sont aujourd&#8217;hui accessibles au laser : <a href=\"https:\/\/presbytie-lasik.fr\/la-myopie-chez-les-moins-de-40-ans\/\" target=\"_blank\" rel=\"noopener\">myopie<\/a>, <a href=\"https:\/\/presbytie-lasik.fr\/lhypermetropie-chez-les-plus-de-40-ans\/\" target=\"_blank\" rel=\"noopener\">hyperm\u00e9tropie,<\/a> <a href=\"https:\/\/presbytie-lasik.fr\/lastigmatisme-chez-les-moins-de-40-ans\/\" target=\"_blank\" rel=\"noopener\">astigmatisme<\/a> et <a href=\"https:\/\/presbytie-lasik.fr\/la-presbytie\/\" target=\"_blank\" rel=\"noopener\">presbytie<\/a>. Je l&#8217;utilise depuis une trentaine d&#8217;ann\u00e9es (conf\u00e8re cette photo o\u00f9 j&#8217;op\u00e8re un patient), et il promet encore beaucoup d&#8217;innovations.<\/p>\n<\/div><div class=\"fusion-clearfix\"><\/div><\/div><\/div><\/div><\/div><div class=\"fusion-fullwidth fullwidth-box fusion-builder-row-2 fusion-parallax-fixed nonhundred-percent-fullwidth non-hundred-percent-height-scrolling lazyload\" style=\"--awb-background-position:center top;--awb-border-radius-top-left:0px;--awb-border-radius-top-right:0px;--awb-border-radius-bottom-right:0px;--awb-border-radius-bottom-left:0px;--awb-padding-top:0px;--awb-padding-right:0px;--awb-padding-bottom:30px;--awb-padding-left:0px;--awb-margin-top:0px;--awb-margin-bottom:0px;--awb-background-color:#ffffff;--awb-background-size:cover;--awb-flex-wrap:wrap;background-attachment:fixed;\" data-bg=\"https:\/\/presbytie-lasik.fr\/wp-content\/uploads\/2018\/04\/CTA-2-Blog-Small.jpeg\" ><\/div>\n<\/p>\n","protected":false},"excerpt":{"rendered":"<p>La diversit\u00e9 et la technicit\u00e9 grandissantes des lasers nous permettent d\u2019aider un panel de patients de plus en plus large, et autorisent une vie sans verres correcteurs ou lentilles de contact. #laser #technique #innovation #vision <\/p>\n","protected":false},"author":9,"featured_media":13942,"comment_status":"closed","ping_status":"closed","sticky":false,"template":"","format":"standard","meta":{"footnotes":""},"categories":[73],"tags":[],"class_list":["post-14044","post","type-post","status-publish","format-standard","has-post-thumbnail","hentry","category-laser-eye-surgery"],"yoast_head":"<!-- This site is optimized with the Yoast SEO Premium plugin v27.4 (Yoast SEO v27.4) - https:\/\/yoast.com\/product\/yoast-seo-premium-wordpress\/ -->\n<title>La diversit\u00e9 et la technicit\u00e9 grandissantes des lasers - Catherine Albou-Ganem<\/title>\n<meta name=\"description\" content=\"La diversit\u00e9 et la technicit\u00e9 grandissantes des lasers #laser #technique #innovation #vision\" \/>\n<meta name=\"robots\" content=\"index, follow, max-snippet:-1, max-image-preview:large, max-video-preview:-1\" \/>\n<link rel=\"canonical\" href=\"https:\/\/presbytie-lasik.fr\/en\/la-diversite-et-la-technicite-grandissantes-des-lasers\/\" \/>\n<meta property=\"og:locale\" content=\"en_GB\" \/>\n<meta property=\"og:type\" content=\"article\" \/>\n<meta property=\"og:title\" content=\"La diversit\u00e9 et la technicit\u00e9 grandissantes des lasers\" \/>\n<meta property=\"og:description\" content=\"La diversit\u00e9 et la technicit\u00e9 grandissantes des lasers #laser #technique #innovation #vision\" \/>\n<meta property=\"og:url\" content=\"https:\/\/presbytie-lasik.fr\/en\/la-diversite-et-la-technicite-grandissantes-des-lasers\/\" \/>\n<meta property=\"og:site_name\" content=\"Catherine Albou-Ganem\" \/>\n<meta property=\"article:publisher\" content=\"https:\/\/www.facebook.com\/CatherineAlbouGanem\/\" \/>\n<meta property=\"article:published_time\" content=\"2022-07-04T20:03:25+00:00\" \/>\n<meta property=\"article:modified_time\" content=\"2022-12-13T15:19:16+00:00\" \/>\n<meta property=\"og:image\" content=\"https:\/\/presbytie-lasik.fr\/wp-content\/uploads\/2022\/06\/La-diversite-et-la-technicite-grandissantes-des-lasers-Presbytie-Lasik-Catherine-Albou-Ganem-Paris.jpeg\" \/>\n\t<meta property=\"og:image:width\" content=\"950\" \/>\n\t<meta property=\"og:image:height\" content=\"534\" \/>\n\t<meta property=\"og:image:type\" content=\"image\/jpeg\" \/>\n<meta name=\"author\" content=\"Catherine Albou-Ganem\" \/>\n<meta name=\"twitter:card\" content=\"summary_large_image\" \/>\n<meta name=\"twitter:creator\" content=\"@CatiGanem\" \/>\n<meta name=\"twitter:site\" content=\"@CatiGanem\" \/>\n<meta name=\"twitter:label1\" content=\"Written by\" \/>\n\t<meta name=\"twitter:data1\" content=\"Catherine Albou-Ganem\" \/>\n\t<meta name=\"twitter:label2\" content=\"Estimated reading time\" \/>\n\t<meta name=\"twitter:data2\" content=\"2 minutes\" \/>\n<!-- \/ Yoast SEO Premium plugin. -->","yoast_head_json":{"title":"La diversit\u00e9 et la technicit\u00e9 grandissantes des lasers - Catherine Albou-Ganem","description":"La diversit\u00e9 et la technicit\u00e9 grandissantes des lasers #laser #technique #innovation #vision","robots":{"index":"index","follow":"follow","max-snippet":"max-snippet:-1","max-image-preview":"max-image-preview:large","max-video-preview":"max-video-preview:-1"},"canonical":"https:\/\/presbytie-lasik.fr\/en\/la-diversite-et-la-technicite-grandissantes-des-lasers\/","og_locale":"en_GB","og_type":"article","og_title":"La diversit\u00e9 et la technicit\u00e9 grandissantes des lasers","og_description":"La diversit\u00e9 et la technicit\u00e9 grandissantes des lasers #laser #technique #innovation #vision","og_url":"https:\/\/presbytie-lasik.fr\/en\/la-diversite-et-la-technicite-grandissantes-des-lasers\/","og_site_name":"Catherine Albou-Ganem","article_publisher":"https:\/\/www.facebook.com\/CatherineAlbouGanem\/","article_published_time":"2022-07-04T20:03:25+00:00","article_modified_time":"2022-12-13T15:19:16+00:00","og_image":[{"width":950,"height":534,"url":"https:\/\/presbytie-lasik.fr\/wp-content\/uploads\/2022\/06\/La-diversite-et-la-technicite-grandissantes-des-lasers-Presbytie-Lasik-Catherine-Albou-Ganem-Paris.jpeg","type":"image\/jpeg"}],"author":"Catherine Albou-Ganem","twitter_card":"summary_large_image","twitter_creator":"@CatiGanem","twitter_site":"@CatiGanem","twitter_misc":{"Written by":"Catherine Albou-Ganem","Estimated reading time":"2 minutes"},"schema":{"@context":"https:\/\/schema.org","@graph":[{"@type":"Article","@id":"https:\/\/presbytie-lasik.fr\/en\/la-diversite-et-la-technicite-grandissantes-des-lasers\/#article","isPartOf":{"@id":"https:\/\/presbytie-lasik.fr\/en\/la-diversite-et-la-technicite-grandissantes-des-lasers\/"},"author":{"name":"Catherine Albou-Ganem","@id":"https:\/\/presbytie-lasik.fr\/en\/#\/schema\/person\/f24c0c5f47633aac3f4646aa33f9d1a4"},"headline":"La diversit\u00e9 et la technicit\u00e9 grandissantes des lasers","datePublished":"2022-07-04T20:03:25+00:00","dateModified":"2022-12-13T15:19:16+00:00","mainEntityOfPage":{"@id":"https:\/\/presbytie-lasik.fr\/en\/la-diversite-et-la-technicite-grandissantes-des-lasers\/"},"wordCount":520,"publisher":{"@id":"https:\/\/presbytie-lasik.fr\/en\/#organization"},"image":{"@id":"https:\/\/presbytie-lasik.fr\/en\/la-diversite-et-la-technicite-grandissantes-des-lasers\/#primaryimage"},"thumbnailUrl":"https:\/\/presbytie-lasik.fr\/wp-content\/uploads\/2022\/06\/La-diversite-et-la-technicite-grandissantes-des-lasers-Presbytie-Lasik-Catherine-Albou-Ganem-Paris.jpeg","articleSection":["Laser eye surgery"],"inLanguage":"en-GB"},{"@type":"WebPage","@id":"https:\/\/presbytie-lasik.fr\/en\/la-diversite-et-la-technicite-grandissantes-des-lasers\/","url":"https:\/\/presbytie-lasik.fr\/en\/la-diversite-et-la-technicite-grandissantes-des-lasers\/","name":"La diversit\u00e9 et la technicit\u00e9 grandissantes des lasers - Catherine Albou-Ganem","isPartOf":{"@id":"https:\/\/presbytie-lasik.fr\/en\/#website"},"primaryImageOfPage":{"@id":"https:\/\/presbytie-lasik.fr\/en\/la-diversite-et-la-technicite-grandissantes-des-lasers\/#primaryimage"},"image":{"@id":"https:\/\/presbytie-lasik.fr\/en\/la-diversite-et-la-technicite-grandissantes-des-lasers\/#primaryimage"},"thumbnailUrl":"https:\/\/presbytie-lasik.fr\/wp-content\/uploads\/2022\/06\/La-diversite-et-la-technicite-grandissantes-des-lasers-Presbytie-Lasik-Catherine-Albou-Ganem-Paris.jpeg","datePublished":"2022-07-04T20:03:25+00:00","dateModified":"2022-12-13T15:19:16+00:00","description":"La diversit\u00e9 et la technicit\u00e9 grandissantes des lasers #laser #technique #innovation #vision","breadcrumb":{"@id":"https:\/\/presbytie-lasik.fr\/en\/la-diversite-et-la-technicite-grandissantes-des-lasers\/#breadcrumb"},"inLanguage":"en-GB","potentialAction":[{"@type":"ReadAction","target":["https:\/\/presbytie-lasik.fr\/en\/la-diversite-et-la-technicite-grandissantes-des-lasers\/"]}]},{"@type":"ImageObject","inLanguage":"en-GB","@id":"https:\/\/presbytie-lasik.fr\/en\/la-diversite-et-la-technicite-grandissantes-des-lasers\/#primaryimage","url":"https:\/\/presbytie-lasik.fr\/wp-content\/uploads\/2022\/06\/La-diversite-et-la-technicite-grandissantes-des-lasers-Presbytie-Lasik-Catherine-Albou-Ganem-Paris.jpeg","contentUrl":"https:\/\/presbytie-lasik.fr\/wp-content\/uploads\/2022\/06\/La-diversite-et-la-technicite-grandissantes-des-lasers-Presbytie-Lasik-Catherine-Albou-Ganem-Paris.jpeg","width":950,"height":534},{"@type":"BreadcrumbList","@id":"https:\/\/presbytie-lasik.fr\/en\/la-diversite-et-la-technicite-grandissantes-des-lasers\/#breadcrumb","itemListElement":[{"@type":"ListItem","position":1,"name":"Accueil","item":"https:\/\/presbytie-lasik.fr\/en\/"},{"@type":"ListItem","position":2,"name":"La diversit\u00e9 et la technicit\u00e9 grandissantes des lasers"}]},{"@type":"WebSite","@id":"https:\/\/presbytie-lasik.fr\/en\/#website","url":"https:\/\/presbytie-lasik.fr\/en\/","name":"Catherine Albou-Ganem","description":"Ophthalmologist","publisher":{"@id":"https:\/\/presbytie-lasik.fr\/en\/#organization"},"potentialAction":[{"@type":"SearchAction","target":{"@type":"EntryPoint","urlTemplate":"https:\/\/presbytie-lasik.fr\/en\/?s={search_term_string}"},"query-input":{"@type":"PropertyValueSpecification","valueRequired":true,"valueName":"search_term_string"}}],"inLanguage":"en-GB"},{"@type":"Organization","@id":"https:\/\/presbytie-lasik.fr\/en\/#organization","name":"Dr Catherine Albou-Ganem","url":"https:\/\/presbytie-lasik.fr\/en\/","logo":{"@type":"ImageObject","inLanguage":"en-GB","@id":"https:\/\/presbytie-lasik.fr\/en\/#\/schema\/logo\/image\/","url":"https:\/\/presbytie-lasik.fr\/wp-content\/uploads\/2018\/07\/logoAlbouCouleurPNG-1.png","contentUrl":"https:\/\/presbytie-lasik.fr\/wp-content\/uploads\/2018\/07\/logoAlbouCouleurPNG-1.png","width":400,"height":164,"caption":"Dr Catherine Albou-Ganem"},"image":{"@id":"https:\/\/presbytie-lasik.fr\/en\/#\/schema\/logo\/image\/"},"sameAs":["https:\/\/www.facebook.com\/CatherineAlbouGanem\/","https:\/\/x.com\/CatiGanem"]},{"@type":"Person","@id":"https:\/\/presbytie-lasik.fr\/en\/#\/schema\/person\/f24c0c5f47633aac3f4646aa33f9d1a4","name":"Catherine Albou-Ganem","image":{"@type":"ImageObject","inLanguage":"en-GB","@id":"https:\/\/secure.gravatar.com\/avatar\/0cb09e128370b1b0ef94f271d65a66512213f8d3e4c4678a4d35da5eb1a9eb1f?s=96&d=mm&r=g","url":"https:\/\/secure.gravatar.com\/avatar\/0cb09e128370b1b0ef94f271d65a66512213f8d3e4c4678a4d35da5eb1a9eb1f?s=96&d=mm&r=g","contentUrl":"https:\/\/secure.gravatar.com\/avatar\/0cb09e128370b1b0ef94f271d65a66512213f8d3e4c4678a4d35da5eb1a9eb1f?s=96&d=mm&r=g","caption":"Catherine Albou-Ganem"}}]}},"_links":{"self":[{"href":"https:\/\/presbytie-lasik.fr\/en\/wp-json\/wp\/v2\/posts\/14044","targetHints":{"allow":["GET"]}}],"collection":[{"href":"https:\/\/presbytie-lasik.fr\/en\/wp-json\/wp\/v2\/posts"}],"about":[{"href":"https:\/\/presbytie-lasik.fr\/en\/wp-json\/wp\/v2\/types\/post"}],"author":[{"embeddable":true,"href":"https:\/\/presbytie-lasik.fr\/en\/wp-json\/wp\/v2\/users\/9"}],"replies":[{"embeddable":true,"href":"https:\/\/presbytie-lasik.fr\/en\/wp-json\/wp\/v2\/comments?post=14044"}],"version-history":[{"count":0,"href":"https:\/\/presbytie-lasik.fr\/en\/wp-json\/wp\/v2\/posts\/14044\/revisions"}],"wp:featuredmedia":[{"embeddable":true,"href":"https:\/\/presbytie-lasik.fr\/en\/wp-json\/wp\/v2\/media\/13942"}],"wp:attachment":[{"href":"https:\/\/presbytie-lasik.fr\/en\/wp-json\/wp\/v2\/media?parent=14044"}],"wp:term":[{"taxonomy":"category","embeddable":true,"href":"https:\/\/presbytie-lasik.fr\/en\/wp-json\/wp\/v2\/categories?post=14044"},{"taxonomy":"post_tag","embeddable":true,"href":"https:\/\/presbytie-lasik.fr\/en\/wp-json\/wp\/v2\/tags?post=14044"}],"curies":[{"name":"wp","href":"https:\/\/api.w.org\/{rel}","templated":true}]}}