{"id":4499,"date":"2020-02-28T09:25:15","date_gmt":"2020-02-28T08:25:15","guid":{"rendered":"https:\/\/presbytie-lasik.fr\/?p=4499"},"modified":"2020-02-19T14:46:47","modified_gmt":"2020-02-19T13:46:47","slug":"a-quel-age-vais-je-avoir-la-presbytie-et-combien-de-temps-dois-je-attendre-avant-de-me-faire-operer-bp","status":"publish","type":"post","link":"https:\/\/presbytie-lasik.fr\/en\/a-quel-age-vais-je-avoir-la-presbytie-et-combien-de-temps-dois-je-attendre-avant-de-me-faire-operer-bp\/","title":{"rendered":"A quel \u00e2ge vais-je avoir la presbytie et combien de temps dois-je attendre avant de me faire op\u00e9rer ?"},"content":{"rendered":"<p><div class=\"fusion-fullwidth fullwidth-box fusion-builder-row-1 nonhundred-percent-fullwidth non-hundred-percent-height-scrolling\" style=\"--awb-border-radius-top-left:0px;--awb-border-radius-top-right:0px;--awb-border-radius-bottom-right:0px;--awb-border-radius-bottom-left:0px;--awb-flex-wrap:wrap;\" ><div class=\"fusion-builder-row fusion-row\"><div class=\"fusion-layout-column fusion_builder_column fusion-builder-column-0 fusion_builder_column_1_1 1_1 fusion-one-full fusion-column-first fusion-column-last\" style=\"--awb-bg-size:cover;--awb-margin-bottom:0px;\"><div class=\"fusion-column-wrapper fusion-flex-column-wrapper-legacy\"><a class=\"awb-lightbox awb-lightbox-1\" href=\"https:\/\/www.youtube.com\/watch?v=W0yxIrNTjAw\" data-rel=\"iLightbox\"><img class=\"lazyload\" decoding=\"async\" src=\"data:image\/svg+xml,%3Csvg%20xmlns%3D%27http%3A%2F%2Fwww.w3.org%2F2000%2Fsvg%27%20width%3D%27860%27%20height%3D%27484%27%20viewBox%3D%270%200%20860%20484%27%3E%3Crect%20width%3D%27860%27%20height%3D%27484%27%20fill-opacity%3D%220%22%2F%3E%3C%2Fsvg%3E\" data-orig-src=\"https:\/\/presbytie-lasik.fr\/wp-content\/uploads\/2018\/11\/La-Presbytie-A-quel-a\u0302ge-vais-je-avoir-la-presbytie-et-combien-de-temps-dois-je-attendre-avant-de-me-faire-operer-catherine-albou-ganem-Paris.jpeg\"><\/a><div class=\"fusion-text fusion-text-1\"><p>La presbytie s\u2019installe entre 40 et 45 ans selon les patients, mais elle est in\u00e9luctable. Tous les patients deviennent presbyte quel que soit le d\u00e9faut de vision initial. Qu\u2019ils portent des lunettes jeunes ou pas les patients deviennent presbyte autour de 40-45 ans.<\/p>\n<\/div><div class=\"fusion-clearfix\"><\/div><\/div><\/div><\/div><\/div><div class=\"fusion-fullwidth fullwidth-box fusion-builder-row-2 hundred-percent-fullwidth non-hundred-percent-height-scrolling\" style=\"--awb-border-radius-top-left:0px;--awb-border-radius-top-right:0px;--awb-border-radius-bottom-right:0px;--awb-border-radius-bottom-left:0px;--awb-overflow:visible;--awb-margin-top:5px;--awb-flex-wrap:wrap;\" ><div class=\"fusion-builder-row fusion-row\"><div class=\"fusion-layout-column fusion_builder_column fusion-builder-column-1 fusion_builder_column_1_1 1_1 fusion-one-full fusion-column-first fusion-column-last fusion-column-no-min-height\" style=\"--awb-bg-size:cover;--awb-margin-bottom:0px;\"><div class=\"fusion-column-wrapper fusion-flex-column-wrapper-legacy\"><div class=\"fusion-sep-clear\"><\/div><div class=\"fusion-separator fusion-full-width-sep\" style=\"margin-left: auto;margin-right: auto;width:100%;\"><\/div><div class=\"fusion-sep-clear\"><\/div><div class=\"fusion-text fusion-text-2\"><blockquote>\n<p>\u00abLes patients peuvent b\u00e9n\u00e9ficier d&#8217;un PresbyLASIK \u00e0 partir de 45 ans et obtenir un confort de vision sans correction jusqu&#8217;\u00e0 55-60 ans.\u00bb<\/p>\n<\/blockquote>\n<\/div><div class=\"fusion-clearfix\"><\/div><\/div><\/div><\/div><\/div><div class=\"fusion-fullwidth fullwidth-box fusion-builder-row-3 hundred-percent-fullwidth non-hundred-percent-height-scrolling\" style=\"--awb-border-radius-top-left:0px;--awb-border-radius-top-right:0px;--awb-border-radius-bottom-right:0px;--awb-border-radius-bottom-left:0px;--awb-overflow:visible;--awb-margin-top:20px;--awb-flex-wrap:wrap;\" ><div class=\"fusion-builder-row fusion-row\"><div class=\"fusion-layout-column fusion_builder_column fusion-builder-column-2 fusion_builder_column_1_1 1_1 fusion-one-full fusion-column-first fusion-column-last fusion-column-no-min-height\" style=\"--awb-bg-size:cover;--awb-margin-bottom:0px;\"><div class=\"fusion-column-wrapper fusion-flex-column-wrapper-legacy\"><div class=\"fusion-sep-clear\"><\/div><div class=\"fusion-separator fusion-full-width-sep\" style=\"margin-left: auto;margin-right: auto;width:100%;\"><\/div><div class=\"fusion-sep-clear\"><\/div><div class=\"fusion-text fusion-text-3\"><p>Au cours du bilan ophtalmologique pr\u00e9op\u00e9ratoire qui est relativement long, il est possible de simuler la vision que l\u2019on peut obtenir. On peut \u00e9galement \u00e9valuer la dur\u00e9e des b\u00e9n\u00e9fices de l\u2019intervention. Il est possible de proposer une chirurgie r\u00e9fractive associant une correction de la presbytie \u00e0 un patient de 40 ans qui est g\u00ean\u00e9 par sa correction qu\u2019il soit myope ou hyperm\u00e9trope. La correction pr\u00e9voit alors de corriger une presbytie qui sera celle qu\u2019il aura vers 50-55 ans. Concernant les patients emm\u00e9tropes c\u2019est-\u00e0-dire que des patients qui ont une excellente vue de loin sans correction, leur cas est peu plus compliqu\u00e9. Ces patients ayant une excellente vision de loin seront corrig\u00e9s de la presbytie sur un seul \u0153il ce qui perturbe au d\u00e9part la vision de loin. Le patient s\u2019habitue ensuite et oublie compl\u00e8tement la diff\u00e9rence existant entre les 2 yeux. Il faut que le patient soit inform\u00e9 et conscient de cet \u00e9l\u00e9ment avant de passer \u00e0 l\u2019intervention chirurgicale.<\/p>\n<p>Le patient emm\u00e9trope est un cas un peu plus compliqu\u00e9 qu\u2019un patient qui voit mal \u00e0 toutes les distances.<\/p>\n<\/div><div class=\"fusion-clearfix\"><\/div><\/div><\/div><\/div><\/div><div class=\"fusion-fullwidth fullwidth-box fusion-builder-row-4 nonhundred-percent-fullwidth non-hundred-percent-height-scrolling\" style=\"--awb-border-radius-top-left:0px;--awb-border-radius-top-right:0px;--awb-border-radius-bottom-right:0px;--awb-border-radius-bottom-left:0px;--awb-padding-bottom:7px;--awb-background-color:#d7c7cf;--awb-flex-wrap:wrap;\" ><div class=\"fusion-builder-row fusion-row\"><div class=\"fusion-layout-column fusion_builder_column fusion-builder-column-3 fusion_builder_column_1_1 1_1 fusion-one-full fusion-column-first fusion-column-last\" style=\"--awb-bg-blend:overlay;--awb-bg-size:cover;\"><div class=\"fusion-column-wrapper fusion-flex-column-wrapper-legacy\"><div class=\"fusion-clearfix\"><\/div><\/div><\/div><\/div><\/div>\n<div class=\"fusion-fullwidth fullwidth-box fusion-builder-row-5 fusion-parallax-fixed nonhundred-percent-fullwidth non-hundred-percent-height-scrolling lazyload\" style=\"--awb-border-radius-top-left:0px;--awb-border-radius-top-right:0px;--awb-border-radius-bottom-right:0px;--awb-border-radius-bottom-left:0px;--awb-padding-top:0px;--awb-padding-right:0px;--awb-padding-bottom:30px;--awb-padding-left:0px;--awb-margin-top:0px;--awb-margin-bottom:0px;--awb-background-color:#ffffff;--awb-background-size:cover;--awb-flex-wrap:wrap;background-attachment:fixed;\" data-bg=\"https:\/\/presbytie-lasik.fr\/wp-content\/uploads\/2018\/04\/CTA-1-Blog-Small-V2.jpeg\" ><div class=\"fusion-builder-row fusion-row\"><div class=\"fusion-layout-column fusion_builder_column fusion-builder-column-4 fusion_builder_column_1_1 1_1 fusion-one-full fusion-column-first fusion-column-last\" style=\"--awb-bg-position:right top;--awb-bg-size:cover;--awb-margin-bottom:0px;\"><div class=\"fusion-column-wrapper fusion-flex-column-wrapper-legacy\"><div class=\"fusion-column-content-centered\"><div class=\"fusion-column-content\"><div class=\"fusion-text fusion-text-4\"><h4 style=\"text-align: center; color: #ffffff; font-size: 40px; font-weight: 600; line-height: 1; margin-bottom: 0.3em;\">ARE YOU 40 OR OVER?<\/h4>\n<\/div><div class=\"fusion-sep-clear\"><\/div><div class=\"fusion-separator\" style=\"margin-left: auto;margin-right: auto;margin-top:0px;margin-bottom:10px;width:100%;max-width:20%;\"><div class=\"fusion-separator-border sep-single sep-solid\" style=\"--awb-height:20px;--awb-amount:20px;--awb-sep-color:#d7c7cf;border-color:#d7c7cf;border-top-width:2px;\"><\/div><\/div><div class=\"fusion-sep-clear\"><\/div><div class=\"fusion-text fusion-text-5\"><h4 style=\"text-align: center; color: #ffffff; font-size: 22px; font-weight: 300; line-height: 1; margin-bottom: 1.0em;\">WE SPECIALISE IN HELPING PEOPLE OF EVERY AGE<br \/>\nREAD AGAIN WITHOUT GLASSES<\/h4>\n<\/div><div class=\"fusion-button-wrapper fusion-aligncenter\"><a class=\"fusion-button button-flat button-large button-custom fusion-button-default button-1 fusion-button-span-no fusion-button-default-type\" style=\"--button_accent_color:#ffffff;--button_accent_hover_color:#ffffff;--button_border_hover_color:#ffffff;--button_border_width-top:0px;--button_border_width-right:0px;--button_border_width-bottom:0px;--button_border_width-left:0px;--button-border-radius-top-left:0px;--button-border-radius-top-right:0px;--button-border-radius-bottom-right:0px;--button-border-radius-bottom-left:0px;--button_gradient_top_color:#bea8be;--button_gradient_bottom_color:#bea8be;--button_gradient_top_color_hover:rgba(190,168,190,0.81);--button_gradient_bottom_color_hover:rgba(190,168,190,0.81);\" target=\"_self\" href=\"https:\/\/presbytie-lasik.fr\/contact-us\/\"><span class=\"fusion-button-text awb-button__text awb-button__text--default\">LEARN MORE &gt;<\/span><\/a><\/div><\/div><\/div><div class=\"fusion-clearfix\"><\/div><\/div><\/div><\/div><\/div>\n<div class=\"fusion-fullwidth fullwidth-box fusion-builder-row-6 nonhundred-percent-fullwidth non-hundred-percent-height-scrolling\" style=\"--awb-border-radius-top-left:0px;--awb-border-radius-top-right:0px;--awb-border-radius-bottom-right:0px;--awb-border-radius-bottom-left:0px;--awb-padding-bottom:7px;--awb-background-color:#d7c7cf;--awb-flex-wrap:wrap;\" ><div class=\"fusion-builder-row fusion-row\"><div class=\"fusion-layout-column fusion_builder_column fusion-builder-column-5 fusion_builder_column_1_1 1_1 fusion-one-full fusion-column-first fusion-column-last\" style=\"--awb-bg-blend:overlay;--awb-bg-size:cover;\"><div class=\"fusion-column-wrapper fusion-flex-column-wrapper-legacy\"><div class=\"fusion-clearfix\"><\/div><\/div><\/div><\/div><\/div>\n<div class=\"fusion-fullwidth fullwidth-box fusion-builder-row-7 nonhundred-percent-fullwidth non-hundred-percent-height-scrolling fusion-equal-height-columns\" style=\"--awb-border-sizes-top:0px;--awb-border-sizes-bottom:0px;--awb-border-sizes-left:0px;--awb-border-sizes-right:0px;--awb-border-color:#bec0bf;--awb-border-radius-top-left:0px;--awb-border-radius-top-right:0px;--awb-border-radius-bottom-right:0px;--awb-border-radius-bottom-left:0px;--awb-padding-top:0px;--awb-padding-right:0px;--awb-padding-bottom:0px;--awb-padding-left:0px;--awb-margin-top:20px;--awb-background-color:#f5f5f5;--awb-flex-wrap:wrap;\" ><div class=\"fusion-builder-row fusion-row\"><div class=\"fusion-layout-column fusion_builder_column fusion-builder-column-6 fusion_builder_column_1_3 1_3 fusion-one-third fusion-column-first\" style=\"--awb-bg-position:center center;--awb-bg-size:cover;--awb-border-color:#bec0bf;--awb-border-left:0;--awb-border-style:solid;--awb-margin-bottom:0px;width:33.333333333333%;width:calc(33.333333333333% - ( ( 4% ) * 0.33333333333333 ) );margin-right: 4%;\"><div class=\"fusion-column-wrapper lazyload fusion-column-has-shadow fusion-flex-column-wrapper-legacy fusion-empty-column-bg-image fusion-column-has-bg-image\" data-bg-url=\"https:\/\/presbytie-lasik.fr\/wp-content\/uploads\/2019\/10\/presbytie-lasik-catherine-albou-ganem-about-the-author-800x574.jpg\" data-bg=\"https:\/\/presbytie-lasik.fr\/wp-content\/uploads\/2019\/10\/presbytie-lasik-catherine-albou-ganem-about-the-author-800x574.jpg\"><img decoding=\"async\" class=\"fusion-empty-dims-img-placeholder fusion-no-large-visibility\" aria-label=\"presbytie-lasik-catherine-albou-ganem-about-the-author\" src=\"data:image\/svg+xml,%3Csvg%20xmlns%3D%27http%3A%2F%2Fwww.w3.org%2F2000%2Fsvg%27%20width%3D%27800%27%20height%3D%27574%27%20viewBox%3D%270%200%20800%20574%27%3E%3Crect%20width%3D%27800%27%20height%3D%27574%27%20fill-opacity%3D%220%22%2F%3E%3C%2Fsvg%3E\"><div class=\"fusion-clearfix\"><\/div><\/div><\/div><div class=\"fusion-layout-column fusion_builder_column fusion-builder-column-7 fusion_builder_column_2_3 2_3 fusion-two-third fusion-column-last\" style=\"--awb-padding-right:10px;--awb-bg-blend:overlay;--awb-bg-size:cover;--awb-border-color:#bec0bf;--awb-border-right:0;--awb-border-style:solid;--awb-margin-bottom:0px;width:66.666666666667%;width:calc(66.666666666667% - ( ( 4% ) * 0.66666666666667 ) );\"><div class=\"fusion-column-wrapper fusion-flex-column-wrapper-legacy\"><div class=\"fusion-column-content-centered\"><div class=\"fusion-column-content\"><div class=\"fusion-text fusion-text-6\"><h4>About the author<\/h4>\n<p>Doctor Catherine Albou-Ganem<br \/>\n<em><span style=\"color: #333333;\">Consultant Ophthalmic Surgeon\u00a0<\/span><\/em><\/p>\n<p>I am <a href=\"https:\/\/presbytie-lasik.fr\/en\/cati-albou-ganem\/\">Catherine Albou-Ganem<\/a> and I am an ophthalmic surgeon brought up in a family of ophthalmologists. I had a passion for \u2018the eye\u2019 and \u2018the vision\u2019 from my childhood. This was the subject of my first presentation at school.<\/p>\n<p>Today, I share my refractive surgery activity between the hospital and the private sector.<\/p>\n<p>I am proud to have contributed to the development of new laser refractive surgery techniques that can correct vision defects with accurate, effective and safe results when respecting the indications.<\/p>\n<\/div><\/div><\/div><div class=\"fusion-clearfix\"><\/div><\/div><\/div><\/div><\/div>\n<\/p>\n","protected":false},"excerpt":{"rendered":"","protected":false},"author":9,"featured_media":5540,"comment_status":"open","ping_status":"open","sticky":false,"template":"","format":"standard","meta":{"footnotes":""},"categories":[70],"tags":[],"class_list":["post-4499","post","type-post","status-publish","format-standard","has-post-thumbnail","hentry","category-presbyopia"],"yoast_head":"<!-- This site is optimized with the Yoast SEO Premium plugin v27.4 (Yoast SEO v27.4) - https:\/\/yoast.com\/product\/yoast-seo-premium-wordpress\/ -->\n<title>A quel \u00e2ge vais-je avoir la presbytie et combien de temps dois-je attendre avant de me faire op\u00e9rer ? - Catherine Albou-Ganem<\/title>\n<meta name=\"description\" content=\"Les aptients sont demandeurs lorsqu\u2019ils ne supportent plus leurs lunettes, qu\u2019ils les perdent tout le temps, qu&#039;il les cassent, qu\u2019ils sont inconforta...\" \/>\n<meta name=\"robots\" content=\"index, follow, max-snippet:-1, max-image-preview:large, max-video-preview:-1\" \/>\n<link rel=\"canonical\" href=\"https:\/\/presbytie-lasik.fr\/en\/a-quel-age-vais-je-avoir-la-presbytie-et-combien-de-temps-dois-je-attendre-avant-de-me-faire-operer-bp\/\" \/>\n<meta property=\"og:locale\" content=\"en_GB\" \/>\n<meta property=\"og:type\" content=\"article\" \/>\n<meta property=\"og:title\" content=\"A quel \u00e2ge vais-je avoir la presbytie et combien de temps dois-je attendre avant de me faire op\u00e9rer ?\" \/>\n<meta property=\"og:description\" content=\"Les aptients sont demandeurs lorsqu\u2019ils ne supportent plus leurs lunettes, qu\u2019ils les perdent tout le temps, qu&#039;il les cassent, qu\u2019ils sont inconforta...\" \/>\n<meta property=\"og:url\" content=\"https:\/\/presbytie-lasik.fr\/en\/a-quel-age-vais-je-avoir-la-presbytie-et-combien-de-temps-dois-je-attendre-avant-de-me-faire-operer-bp\/\" \/>\n<meta property=\"og:site_name\" content=\"Catherine Albou-Ganem\" \/>\n<meta property=\"article:publisher\" content=\"https:\/\/www.facebook.com\/CatherineAlbouGanem\/\" \/>\n<meta property=\"article:published_time\" content=\"2020-02-28T08:25:15+00:00\" \/>\n<meta property=\"og:image\" content=\"https:\/\/presbytie-lasik.fr\/wp-content\/uploads\/2018\/11\/La-Presbytie-A-quel-a\u0302ge-vais-je-avoir-la-presbytie-et-combien-de-temps-dois-je-attendre-avant-de-me-faire-operer-catherine-albou-ganem-Paris.jpeg\" \/>\n\t<meta property=\"og:image:width\" content=\"860\" \/>\n\t<meta property=\"og:image:height\" content=\"484\" \/>\n\t<meta property=\"og:image:type\" content=\"image\/jpeg\" \/>\n<meta name=\"author\" content=\"Catherine Albou-Ganem\" \/>\n<meta name=\"twitter:card\" content=\"summary_large_image\" \/>\n<meta name=\"twitter:creator\" content=\"@CatiGanem\" \/>\n<meta name=\"twitter:site\" content=\"@CatiGanem\" \/>\n<meta name=\"twitter:label1\" content=\"Written by\" \/>\n\t<meta name=\"twitter:data1\" content=\"Catherine Albou-Ganem\" \/>\n\t<meta name=\"twitter:label2\" content=\"Estimated reading time\" \/>\n\t<meta name=\"twitter:data2\" content=\"4 minutes\" \/>\n<!-- \/ Yoast SEO Premium plugin. -->","yoast_head_json":{"title":"A quel \u00e2ge vais-je avoir la presbytie et combien de temps dois-je attendre avant de me faire op\u00e9rer ? - Catherine Albou-Ganem","description":"Les aptients sont demandeurs lorsqu\u2019ils ne supportent plus leurs lunettes, qu\u2019ils les perdent tout le temps, qu'il les cassent, qu\u2019ils sont inconforta...","robots":{"index":"index","follow":"follow","max-snippet":"max-snippet:-1","max-image-preview":"max-image-preview:large","max-video-preview":"max-video-preview:-1"},"canonical":"https:\/\/presbytie-lasik.fr\/en\/a-quel-age-vais-je-avoir-la-presbytie-et-combien-de-temps-dois-je-attendre-avant-de-me-faire-operer-bp\/","og_locale":"en_GB","og_type":"article","og_title":"A quel \u00e2ge vais-je avoir la presbytie et combien de temps dois-je attendre avant de me faire op\u00e9rer ?","og_description":"Les aptients sont demandeurs lorsqu\u2019ils ne supportent plus leurs lunettes, qu\u2019ils les perdent tout le temps, qu'il les cassent, qu\u2019ils sont inconforta...","og_url":"https:\/\/presbytie-lasik.fr\/en\/a-quel-age-vais-je-avoir-la-presbytie-et-combien-de-temps-dois-je-attendre-avant-de-me-faire-operer-bp\/","og_site_name":"Catherine Albou-Ganem","article_publisher":"https:\/\/www.facebook.com\/CatherineAlbouGanem\/","article_published_time":"2020-02-28T08:25:15+00:00","og_image":[{"width":860,"height":484,"url":"https:\/\/presbytie-lasik.fr\/wp-content\/uploads\/2018\/11\/La-Presbytie-A-quel-a\u0302ge-vais-je-avoir-la-presbytie-et-combien-de-temps-dois-je-attendre-avant-de-me-faire-operer-catherine-albou-ganem-Paris.jpeg","type":"image\/jpeg"}],"author":"Catherine Albou-Ganem","twitter_card":"summary_large_image","twitter_creator":"@CatiGanem","twitter_site":"@CatiGanem","twitter_misc":{"Written by":"Catherine Albou-Ganem","Estimated reading time":"4 minutes"},"schema":{"@context":"https:\/\/schema.org","@graph":[{"@type":"Article","@id":"https:\/\/presbytie-lasik.fr\/en\/a-quel-age-vais-je-avoir-la-presbytie-et-combien-de-temps-dois-je-attendre-avant-de-me-faire-operer-bp\/#article","isPartOf":{"@id":"https:\/\/presbytie-lasik.fr\/en\/a-quel-age-vais-je-avoir-la-presbytie-et-combien-de-temps-dois-je-attendre-avant-de-me-faire-operer-bp\/"},"author":{"name":"Catherine Albou-Ganem","@id":"https:\/\/presbytie-lasik.fr\/en\/#\/schema\/person\/f24c0c5f47633aac3f4646aa33f9d1a4"},"headline":"A quel \u00e2ge vais-je avoir la presbytie et combien de temps dois-je attendre avant de me faire op\u00e9rer ?","datePublished":"2020-02-28T08:25:15+00:00","mainEntityOfPage":{"@id":"https:\/\/presbytie-lasik.fr\/en\/a-quel-age-vais-je-avoir-la-presbytie-et-combien-de-temps-dois-je-attendre-avant-de-me-faire-operer-bp\/"},"wordCount":812,"commentCount":0,"publisher":{"@id":"https:\/\/presbytie-lasik.fr\/en\/#organization"},"image":{"@id":"https:\/\/presbytie-lasik.fr\/en\/a-quel-age-vais-je-avoir-la-presbytie-et-combien-de-temps-dois-je-attendre-avant-de-me-faire-operer-bp\/#primaryimage"},"thumbnailUrl":"https:\/\/presbytie-lasik.fr\/wp-content\/uploads\/2018\/11\/La-Presbytie-A-quel-a\u0302ge-vais-je-avoir-la-presbytie-et-combien-de-temps-dois-je-attendre-avant-de-me-faire-operer-catherine-albou-ganem-Paris.jpeg","articleSection":["Presbyopia"],"inLanguage":"en-GB","potentialAction":[{"@type":"CommentAction","name":"Comment","target":["https:\/\/presbytie-lasik.fr\/en\/a-quel-age-vais-je-avoir-la-presbytie-et-combien-de-temps-dois-je-attendre-avant-de-me-faire-operer-bp\/#respond"]}]},{"@type":"WebPage","@id":"https:\/\/presbytie-lasik.fr\/en\/a-quel-age-vais-je-avoir-la-presbytie-et-combien-de-temps-dois-je-attendre-avant-de-me-faire-operer-bp\/","url":"https:\/\/presbytie-lasik.fr\/en\/a-quel-age-vais-je-avoir-la-presbytie-et-combien-de-temps-dois-je-attendre-avant-de-me-faire-operer-bp\/","name":"A quel \u00e2ge vais-je avoir la presbytie et combien de temps dois-je attendre avant de me faire op\u00e9rer ? - Catherine Albou-Ganem","isPartOf":{"@id":"https:\/\/presbytie-lasik.fr\/en\/#website"},"primaryImageOfPage":{"@id":"https:\/\/presbytie-lasik.fr\/en\/a-quel-age-vais-je-avoir-la-presbytie-et-combien-de-temps-dois-je-attendre-avant-de-me-faire-operer-bp\/#primaryimage"},"image":{"@id":"https:\/\/presbytie-lasik.fr\/en\/a-quel-age-vais-je-avoir-la-presbytie-et-combien-de-temps-dois-je-attendre-avant-de-me-faire-operer-bp\/#primaryimage"},"thumbnailUrl":"https:\/\/presbytie-lasik.fr\/wp-content\/uploads\/2018\/11\/La-Presbytie-A-quel-a\u0302ge-vais-je-avoir-la-presbytie-et-combien-de-temps-dois-je-attendre-avant-de-me-faire-operer-catherine-albou-ganem-Paris.jpeg","datePublished":"2020-02-28T08:25:15+00:00","description":"Les aptients sont demandeurs lorsqu\u2019ils ne supportent plus leurs lunettes, qu\u2019ils les perdent tout le temps, qu'il les cassent, qu\u2019ils sont inconforta...","breadcrumb":{"@id":"https:\/\/presbytie-lasik.fr\/en\/a-quel-age-vais-je-avoir-la-presbytie-et-combien-de-temps-dois-je-attendre-avant-de-me-faire-operer-bp\/#breadcrumb"},"inLanguage":"en-GB","potentialAction":[{"@type":"ReadAction","target":["https:\/\/presbytie-lasik.fr\/en\/a-quel-age-vais-je-avoir-la-presbytie-et-combien-de-temps-dois-je-attendre-avant-de-me-faire-operer-bp\/"]}]},{"@type":"ImageObject","inLanguage":"en-GB","@id":"https:\/\/presbytie-lasik.fr\/en\/a-quel-age-vais-je-avoir-la-presbytie-et-combien-de-temps-dois-je-attendre-avant-de-me-faire-operer-bp\/#primaryimage","url":"https:\/\/presbytie-lasik.fr\/wp-content\/uploads\/2018\/11\/La-Presbytie-A-quel-a\u0302ge-vais-je-avoir-la-presbytie-et-combien-de-temps-dois-je-attendre-avant-de-me-faire-operer-catherine-albou-ganem-Paris.jpeg","contentUrl":"https:\/\/presbytie-lasik.fr\/wp-content\/uploads\/2018\/11\/La-Presbytie-A-quel-a\u0302ge-vais-je-avoir-la-presbytie-et-combien-de-temps-dois-je-attendre-avant-de-me-faire-operer-catherine-albou-ganem-Paris.jpeg","width":860,"height":484},{"@type":"BreadcrumbList","@id":"https:\/\/presbytie-lasik.fr\/en\/a-quel-age-vais-je-avoir-la-presbytie-et-combien-de-temps-dois-je-attendre-avant-de-me-faire-operer-bp\/#breadcrumb","itemListElement":[{"@type":"ListItem","position":1,"name":"Accueil","item":"https:\/\/presbytie-lasik.fr\/en\/"},{"@type":"ListItem","position":2,"name":"A quel \u00e2ge vais-je avoir la presbytie et combien de temps dois-je attendre avant de me faire op\u00e9rer ?"}]},{"@type":"WebSite","@id":"https:\/\/presbytie-lasik.fr\/en\/#website","url":"https:\/\/presbytie-lasik.fr\/en\/","name":"Catherine Albou-Ganem","description":"Ophthalmologist","publisher":{"@id":"https:\/\/presbytie-lasik.fr\/en\/#organization"},"potentialAction":[{"@type":"SearchAction","target":{"@type":"EntryPoint","urlTemplate":"https:\/\/presbytie-lasik.fr\/en\/?s={search_term_string}"},"query-input":{"@type":"PropertyValueSpecification","valueRequired":true,"valueName":"search_term_string"}}],"inLanguage":"en-GB"},{"@type":"Organization","@id":"https:\/\/presbytie-lasik.fr\/en\/#organization","name":"Dr Catherine Albou-Ganem","url":"https:\/\/presbytie-lasik.fr\/en\/","logo":{"@type":"ImageObject","inLanguage":"en-GB","@id":"https:\/\/presbytie-lasik.fr\/en\/#\/schema\/logo\/image\/","url":"https:\/\/presbytie-lasik.fr\/wp-content\/uploads\/2018\/07\/logoAlbouCouleurPNG-1.png","contentUrl":"https:\/\/presbytie-lasik.fr\/wp-content\/uploads\/2018\/07\/logoAlbouCouleurPNG-1.png","width":400,"height":164,"caption":"Dr Catherine Albou-Ganem"},"image":{"@id":"https:\/\/presbytie-lasik.fr\/en\/#\/schema\/logo\/image\/"},"sameAs":["https:\/\/www.facebook.com\/CatherineAlbouGanem\/","https:\/\/x.com\/CatiGanem"]},{"@type":"Person","@id":"https:\/\/presbytie-lasik.fr\/en\/#\/schema\/person\/f24c0c5f47633aac3f4646aa33f9d1a4","name":"Catherine Albou-Ganem","image":{"@type":"ImageObject","inLanguage":"en-GB","@id":"https:\/\/secure.gravatar.com\/avatar\/0cb09e128370b1b0ef94f271d65a66512213f8d3e4c4678a4d35da5eb1a9eb1f?s=96&d=mm&r=g","url":"https:\/\/secure.gravatar.com\/avatar\/0cb09e128370b1b0ef94f271d65a66512213f8d3e4c4678a4d35da5eb1a9eb1f?s=96&d=mm&r=g","contentUrl":"https:\/\/secure.gravatar.com\/avatar\/0cb09e128370b1b0ef94f271d65a66512213f8d3e4c4678a4d35da5eb1a9eb1f?s=96&d=mm&r=g","caption":"Catherine Albou-Ganem"}}]}},"_links":{"self":[{"href":"https:\/\/presbytie-lasik.fr\/en\/wp-json\/wp\/v2\/posts\/4499","targetHints":{"allow":["GET"]}}],"collection":[{"href":"https:\/\/presbytie-lasik.fr\/en\/wp-json\/wp\/v2\/posts"}],"about":[{"href":"https:\/\/presbytie-lasik.fr\/en\/wp-json\/wp\/v2\/types\/post"}],"author":[{"embeddable":true,"href":"https:\/\/presbytie-lasik.fr\/en\/wp-json\/wp\/v2\/users\/9"}],"replies":[{"embeddable":true,"href":"https:\/\/presbytie-lasik.fr\/en\/wp-json\/wp\/v2\/comments?post=4499"}],"version-history":[{"count":0,"href":"https:\/\/presbytie-lasik.fr\/en\/wp-json\/wp\/v2\/posts\/4499\/revisions"}],"wp:featuredmedia":[{"embeddable":true,"href":"https:\/\/presbytie-lasik.fr\/en\/wp-json\/wp\/v2\/media\/5540"}],"wp:attachment":[{"href":"https:\/\/presbytie-lasik.fr\/en\/wp-json\/wp\/v2\/media?parent=4499"}],"wp:term":[{"taxonomy":"category","embeddable":true,"href":"https:\/\/presbytie-lasik.fr\/en\/wp-json\/wp\/v2\/categories?post=4499"},{"taxonomy":"post_tag","embeddable":true,"href":"https:\/\/presbytie-lasik.fr\/en\/wp-json\/wp\/v2\/tags?post=4499"}],"curies":[{"name":"wp","href":"https:\/\/api.w.org\/{rel}","templated":true}]}}