{"@context":"https:\/\/schema.org\/","@type":"BlogPosting","@id":"https:\/\/presbytie-lasik.fr\/le-16-janvier-2021-a-eu-lieu-la-13-eme-edition-de-la-journee-consacree-a-la-chirurgie-refractive-innovation\/#BlogPosting","mainEntityOfPage":"https:\/\/presbytie-lasik.fr\/le-16-janvier-2021-a-eu-lieu-la-13-eme-edition-de-la-journee-consacree-a-la-chirurgie-refractive-innovation\/","headline":"Le 16 Janvier 2021 a eu lieu la 13 \u00e8me \u00e9dition de la Journ\u00e9e consacr\u00e9e \u00e0 la Chirurgie R\u00e9fractive &#038; Innovation","name":"Le 16 Janvier 2021 a eu lieu la 13 \u00e8me \u00e9dition de la Journ\u00e9e consacr\u00e9e \u00e0 la Chirurgie R\u00e9fractive &#038; Innovation","description":"Le 16 janvier 2021 a eu lieu la 13e \u00e9dition de la Journ\u00e9e consacr\u00e9e \u00e0 la Chirurgie R\u00e9fractive & Innovations organis\u00e9e par Cati Albou-Ganem.\r\nComme tous les ans elle r\u00e9unissait un panel prestigieux d'intervenants hypersp\u00e9cialistes de renom.","datePublished":"2021-01-25","dateModified":"2022-04-05","author":{"@type":"Person","@id":"https:\/\/presbytie-lasik.fr\/author\/catherine-albou-ganem\/#Person","name":"Catherine Albou-Ganem","url":"https:\/\/presbytie-lasik.fr\/author\/catherine-albou-ganem\/","identifier":9,"image":{"@type":"ImageObject","@id":"https:\/\/secure.gravatar.com\/avatar\/0cb09e128370b1b0ef94f271d65a66512213f8d3e4c4678a4d35da5eb1a9eb1f?s=96&d=mm&r=g","url":"https:\/\/secure.gravatar.com\/avatar\/0cb09e128370b1b0ef94f271d65a66512213f8d3e4c4678a4d35da5eb1a9eb1f?s=96&d=mm&r=g","height":96,"width":96}},"publisher":{"@type":"Organization","name":"Docteur Catherine Albou-Ganem","logo":{"@type":"ImageObject","@id":"https:\/\/presbytie-lasik.fr\/wp-content\/uploads\/2018\/07\/logoAlbouCouleurPNG-1.png","url":"https:\/\/presbytie-lasik.fr\/wp-content\/uploads\/2018\/07\/logoAlbouCouleurPNG-1.png","width":400,"height":164}},"image":{"@type":"ImageObject","@id":"https:\/\/presbytie-lasik.fr\/wp-content\/uploads\/2021\/01\/Catherine-Albou-Ganem-Clinique-de-la-Vision-Paris-2-min.jpg","url":"https:\/\/presbytie-lasik.fr\/wp-content\/uploads\/2021\/01\/Catherine-Albou-Ganem-Clinique-de-la-Vision-Paris-2-min.jpg","height":1101,"width":1683},"url":"https:\/\/presbytie-lasik.fr\/le-16-janvier-2021-a-eu-lieu-la-13-eme-edition-de-la-journee-consacree-a-la-chirurgie-refractive-innovation\/","about":["Actualit\u00e9s","Chirurgie oculaire au laser","Presbytie"],"wordCount":68,"articleBody":"Le 16 Janvier 2021 a eu lieu la 13 \u00e8me \u00e9dition de la Journ\u00e9e consacr\u00e9e \u00e0 la Chirurgie R\u00e9fractive &amp; Innovations organis\u00e9e par Cati Albou-Ganem et r\u00e9unissant un panel prestigieux d\u2019orateurs tous reconnus et hypersp\u00e9cialistes.Cette journ\u00e9e, qui a eu lieu en web-conf\u00e9rences du fait des conditions sanitaires impos\u00e9es, a compt\u00e9 pr\u00e8s de 700 inscrits (ophtalmologistes et orthoptistes) de nombreux pays francophones."}