{"@context":"https:\/\/schema.org\/","@type":"Article","@id":"https:\/\/presbytie-lasik.fr\/les-prix-de-la-chirurgie-refractive-au-laser\/#Article","mainEntityOfPage":"https:\/\/presbytie-lasik.fr\/les-prix-de-la-chirurgie-refractive-au-laser\/","headline":"Les prix de la chirurgie r\u00e9fractive au laser","name":"Les prix de la chirurgie r\u00e9fractive au laser","description":"PRENDRE RENDEZ-VOUS Ne choisissez pas le moins cher. Ne bradez pas la qualit\u00e9 Choisissez ce qu\u2019il y a de mieux pour vous. Des facilit\u00e9s de paiement sont possibles \u00cates vous \u00e9ligible?PRENDRE RVNe choisissez pas le moins cher. Ne bradez pas la qualit\u00e9 Choisissez ce qu\u2019il y a de mieux pour vous. Des facilit\u00e9s de paiement","datePublished":"2022-07-06","dateModified":"2023-06-27","author":{"@type":"Person","@id":"https:\/\/presbytie-lasik.fr\/author\/robyn-chambers\/#Person","name":"Robyn Chambers","url":"https:\/\/presbytie-lasik.fr\/author\/robyn-chambers\/","identifier":31,"image":{"@type":"ImageObject","@id":"https:\/\/secure.gravatar.com\/avatar\/dfc1ee041c641274a799f1db19d12509fb08cb163e757132f0eb68df7d3f80cb?s=96&d=mm&r=g","url":"https:\/\/secure.gravatar.com\/avatar\/dfc1ee041c641274a799f1db19d12509fb08cb163e757132f0eb68df7d3f80cb?s=96&d=mm&r=g","height":96,"width":96}},"publisher":{"@type":"Organization","name":"Docteur Catherine Albou-Ganem","logo":{"@type":"ImageObject","@id":"https:\/\/presbytie-lasik.fr\/wp-content\/uploads\/2018\/07\/logoAlbouCouleurPNG-1.png","url":"https:\/\/presbytie-lasik.fr\/wp-content\/uploads\/2018\/07\/logoAlbouCouleurPNG-1.png","width":400,"height":164}},"url":"https:\/\/presbytie-lasik.fr\/les-prix-de-la-chirurgie-refractive-au-laser\/"}