{"@context":"https:\/\/schema.org\/","@type":"Article","@id":"https:\/\/presbytie-lasik.fr\/loeil-sec-chez-les-moins-de-40-ans\/#Article","mainEntityOfPage":"https:\/\/presbytie-lasik.fr\/loeil-sec-chez-les-moins-de-40-ans\/","headline":"L\u2019oeil sec chez les moins de 40 ans","name":"L\u2019oeil sec chez les moins de 40 ans","description":"La s\u00e9cheresse oculaire Affection fr\u00e9quente qui touche les patients de tous \u00e2ges \u00cates vous \u00e9ligible?PRENDRE RVLa s\u00e9cheresse oculaire Affection fr\u00e9quente qui touche les patients de tous \u00e2ges \u00cates vous \u00e9ligible POUR LA CHIRURGIE REFRACTIVE ?PRENDRE RVLa s\u00e9cheresse oculaire en quelques mots La s\u00e9cheresse oculaire provient d&rsquo;une mauvaise qualit\u00e9 ou d&rsquo;une diminution de la production de","datePublished":"2019-06-07","dateModified":"2024-07-17","author":{"@type":"Person","@id":"https:\/\/presbytie-lasik.fr\/author\/catherine-albou-ganem\/#Person","name":"Catherine Albou-Ganem","url":"https:\/\/presbytie-lasik.fr\/author\/catherine-albou-ganem\/","identifier":9,"image":{"@type":"ImageObject","@id":"https:\/\/secure.gravatar.com\/avatar\/0cb09e128370b1b0ef94f271d65a66512213f8d3e4c4678a4d35da5eb1a9eb1f?s=96&d=mm&r=g","url":"https:\/\/secure.gravatar.com\/avatar\/0cb09e128370b1b0ef94f271d65a66512213f8d3e4c4678a4d35da5eb1a9eb1f?s=96&d=mm&r=g","height":96,"width":96}},"publisher":{"@type":"Organization","name":"Docteur Catherine Albou-Ganem","logo":{"@type":"ImageObject","@id":"https:\/\/presbytie-lasik.fr\/wp-content\/uploads\/2018\/07\/logoAlbouCouleurPNG-1.png","url":"https:\/\/presbytie-lasik.fr\/wp-content\/uploads\/2018\/07\/logoAlbouCouleurPNG-1.png","width":400,"height":164}},"image":{"@type":"ImageObject","@id":"https:\/\/presbytie-lasik.fr\/wp-content\/uploads\/2020\/01\/dry-eye-sidebar-2-presbytie-lasik-catherine-albou-ganem-french-284x384-1.jpg","url":"https:\/\/presbytie-lasik.fr\/wp-content\/uploads\/2020\/01\/dry-eye-sidebar-2-presbytie-lasik-catherine-albou-ganem-french-284x384-1.jpg","height":"384","width":"284"},"url":"https:\/\/presbytie-lasik.fr\/loeil-sec-chez-les-moins-de-40-ans\/","video":[{"@context":"http:\/\/schema.org\/","@type":"VideoObject","@id":"https:\/\/www.youtube.com\/watch?v=riTKeWNXigs#VideoObject","contentUrl":"https:\/\/www.youtube.com\/watch?v=riTKeWNXigs","name":"Vision: notre corps serait-il de plus en plus fragile ?","description":"Cliquez ici pour en savoir plus: https:\/\/presbytie-lasik.fr\/","thumbnailUrl":["https:\/\/i.ytimg.com\/vi\/riTKeWNXigs\/default.jpg","https:\/\/i.ytimg.com\/vi\/riTKeWNXigs\/mqdefault.jpg","https:\/\/i.ytimg.com\/vi\/riTKeWNXigs\/hqdefault.jpg","https:\/\/i.ytimg.com\/vi\/riTKeWNXigs\/sddefault.jpg","https:\/\/i.ytimg.com\/vi\/riTKeWNXigs\/maxresdefault.jpg"],"uploadDate":"2018-09-10T14:06:11+00:00","duration":"PT9M55S","embedUrl":"https:\/\/www.youtube.com\/embed\/riTKeWNXigs","publisher":{"@type":"Organization","@id":"https:\/\/www.youtube.com\/channel\/UCzXsBtCk5Kf3rI6J9FmeHXQ#Organization","url":"https:\/\/www.youtube.com\/channel\/UCzXsBtCk5Kf3rI6J9FmeHXQ","name":"Clinique de la Vision","description":"Avez-vous 40 ans ou plus? Souhaitez vous pouvoir lire sans lunettes?\n\nNous permettons aux patients de s\u2019affranchir de leurs lunettes et de leurs lentilles de contact de fa\u00e7on s\u00fbre et efficace.\n\nAppelez-nous pour prendre rendez-vous afin que nous puissions envisager votre bilan pour une chirurgie pour une vie sans lunettes.\n\nJe suis sp\u00e9cialis\u00e9e en chirurgie r\u00e9fractive et en chirurgie de la cataracte.\n\nJe m\u2019occupe principalement de patients atteints de presbytie ainsi que ceux ayant des probl\u00e8mes de vision comme la myopie, l\u2019hyperm\u00e9tropie et l\u2019astigmatisme.\n\nJe prends \u00e9galement en charge les patients souffrant de s\u00e9cheresse oculaire.\n\nObtenez notre guide gratuit sur la fa\u00e7on dont vous pouvez lire \u00e0 nouveau sans lunettes.\n\nDocteur Catherine Albou-Ganem, chirurgien r\u00e9fractif \u00e0 Paris, France.","logo":{"url":"https:\/\/yt3.ggpht.com\/ytc\/AIdro_krYxo974bNVVrQIyMi9bSlfxbdmp7vGJJYJ-6WgH1aog=s800-c-k-c0x00ffffff-no-rj","width":800,"height":800,"@type":"ImageObject","@id":"https:\/\/www.youtube.com\/watch?v=riTKeWNXigs#VideoObject_publisher_logo_ImageObject"}},"potentialAction":{"@type":"SeekToAction","@id":"https:\/\/www.youtube.com\/watch?v=riTKeWNXigs#VideoObject_potentialAction","target":"https:\/\/www.youtube.com\/watch?v=riTKeWNXigs&t={seek_to_second_number}","startOffset-input":"required name=seek_to_second_number"},"interactionStatistic":[[{"@type":"InteractionCounter","@id":"https:\/\/www.youtube.com\/watch?v=riTKeWNXigs#VideoObject_interactionStatistic_WatchAction","interactionType":{"@type":"WatchAction"},"userInteractionCount":104}]]},{"@context":"http:\/\/schema.org\/","@type":"VideoObject","@id":"https:\/\/www.youtube.com\/watch?v=k67b1XFnnLQ#VideoObject","contentUrl":"https:\/\/www.youtube.com\/watch?v=k67b1XFnnLQ","name":"BlephEx Ophtalmologiste 1080p","description":"Cliquez ici pour en savoir plus: https:\/\/presbytie-lasik.fr\/","thumbnailUrl":["https:\/\/i.ytimg.com\/vi\/k67b1XFnnLQ\/default.jpg","https:\/\/i.ytimg.com\/vi\/k67b1XFnnLQ\/mqdefault.jpg","https:\/\/i.ytimg.com\/vi\/k67b1XFnnLQ\/hqdefault.jpg","https:\/\/i.ytimg.com\/vi\/k67b1XFnnLQ\/sddefault.jpg","https:\/\/i.ytimg.com\/vi\/k67b1XFnnLQ\/maxresdefault.jpg"],"uploadDate":"2018-09-06T12:01:57+00:00","duration":"PT3M3S","embedUrl":"https:\/\/www.youtube.com\/embed\/k67b1XFnnLQ","publisher":{"@type":"Organization","@id":"https:\/\/www.youtube.com\/channel\/UCzXsBtCk5Kf3rI6J9FmeHXQ#Organization","url":"https:\/\/www.youtube.com\/channel\/UCzXsBtCk5Kf3rI6J9FmeHXQ","name":"Clinique de la Vision","description":"Avez-vous 40 ans ou plus? Souhaitez vous pouvoir lire sans lunettes?\n\nNous permettons aux patients de s\u2019affranchir de leurs lunettes et de leurs lentilles de contact de fa\u00e7on s\u00fbre et efficace.\n\nAppelez-nous pour prendre rendez-vous afin que nous puissions envisager votre bilan pour une chirurgie pour une vie sans lunettes.\n\nJe suis sp\u00e9cialis\u00e9e en chirurgie r\u00e9fractive et en chirurgie de la cataracte.\n\nJe m\u2019occupe principalement de patients atteints de presbytie ainsi que ceux ayant des probl\u00e8mes de vision comme la myopie, l\u2019hyperm\u00e9tropie et l\u2019astigmatisme.\n\nJe prends \u00e9galement en charge les patients souffrant de s\u00e9cheresse oculaire.\n\nObtenez notre guide gratuit sur la fa\u00e7on dont vous pouvez lire \u00e0 nouveau sans lunettes.\n\nDocteur Catherine Albou-Ganem, chirurgien r\u00e9fractif \u00e0 Paris, France.","logo":{"url":"https:\/\/yt3.ggpht.com\/ytc\/AIdro_krYxo974bNVVrQIyMi9bSlfxbdmp7vGJJYJ-6WgH1aog=s800-c-k-c0x00ffffff-no-rj","width":800,"height":800,"@type":"ImageObject","@id":"https:\/\/www.youtube.com\/watch?v=k67b1XFnnLQ#VideoObject_publisher_logo_ImageObject"}},"potentialAction":{"@type":"SeekToAction","@id":"https:\/\/www.youtube.com\/watch?v=k67b1XFnnLQ#VideoObject_potentialAction","target":"https:\/\/www.youtube.com\/watch?v=k67b1XFnnLQ&t={seek_to_second_number}","startOffset-input":"required name=seek_to_second_number"},"interactionStatistic":[[{"@type":"InteractionCounter","@id":"https:\/\/www.youtube.com\/watch?v=k67b1XFnnLQ#VideoObject_interactionStatistic_WatchAction","interactionType":{"@type":"WatchAction"},"userInteractionCount":221}],{"@type":"InteractionCounter","@id":"https:\/\/www.youtube.com\/watch?v=k67b1XFnnLQ#VideoObject_interactionStatistic_LikeAction","interactionType":{"@type":"LikeAction"},"userInteractionCount":2}]}]}