{"@context":"https:\/\/schema.org\/","@type":"BlogPosting","@id":"https:\/\/presbytie-lasik.fr\/puis-je-conduire-avant-et-apres-une-chirurgie-de-la-presbytie-au-laser\/#BlogPosting","mainEntityOfPage":"https:\/\/presbytie-lasik.fr\/puis-je-conduire-avant-et-apres-une-chirurgie-de-la-presbytie-au-laser\/","headline":"Puis-je conduire avant et apr\u00e8s une chirurgie de la presbytie au laser ?","name":"Puis-je conduire avant et apr\u00e8s une chirurgie de la presbytie au laser ?","description":"D\u00e9couvrir si vous \u00eates autoris\u00e9 \u00e0 conduire avant et apres une chirurgie de la presbytie au laser? ","datePublished":"2020-05-13","dateModified":"2021-10-07","author":{"@type":"Person","@id":"https:\/\/presbytie-lasik.fr\/author\/catherine-albou-ganem\/#Person","name":"Catherine Albou-Ganem","url":"https:\/\/presbytie-lasik.fr\/author\/catherine-albou-ganem\/","identifier":9,"image":{"@type":"ImageObject","@id":"https:\/\/secure.gravatar.com\/avatar\/0cb09e128370b1b0ef94f271d65a66512213f8d3e4c4678a4d35da5eb1a9eb1f?s=96&d=mm&r=g","url":"https:\/\/secure.gravatar.com\/avatar\/0cb09e128370b1b0ef94f271d65a66512213f8d3e4c4678a4d35da5eb1a9eb1f?s=96&d=mm&r=g","height":96,"width":96}},"publisher":{"@type":"Organization","name":"Docteur Catherine Albou-Ganem","logo":{"@type":"ImageObject","@id":"https:\/\/presbytie-lasik.fr\/wp-content\/uploads\/2018\/07\/logoAlbouCouleurPNG-1.png","url":"https:\/\/presbytie-lasik.fr\/wp-content\/uploads\/2018\/07\/logoAlbouCouleurPNG-1.png","width":400,"height":164}},"image":{"@type":"ImageObject","@id":"https:\/\/presbytie-lasik.fr\/wp-content\/uploads\/2018\/11\/La-Presbytie-Puis-je-conduire-avant-et-apres-une-chirurgie-de-la-presbytie-au-laser-Dois-je-etre-accompagne-apres-la-chirurgie-de-la-presbytie-au-laser-catherine-albou-ganem-Paris.jpeg","url":"https:\/\/presbytie-lasik.fr\/wp-content\/uploads\/2018\/11\/La-Presbytie-Puis-je-conduire-avant-et-apres-une-chirurgie-de-la-presbytie-au-laser-Dois-je-etre-accompagne-apres-la-chirurgie-de-la-presbytie-au-laser-catherine-albou-ganem-Paris.jpeg","height":484,"width":860},"url":"https:\/\/presbytie-lasik.fr\/puis-je-conduire-avant-et-apres-une-chirurgie-de-la-presbytie-au-laser\/","video":{"@context":"http:\/\/schema.org\/","@type":"VideoObject","@id":"https:\/\/www.youtube.com\/watch?v=p6nqLtYAyAs#VideoObject","contentUrl":"https:\/\/www.youtube.com\/watch?v=p6nqLtYAyAs","name":"Puis je conduire avant et apres une chirurgie de la presbytie au laser?","description":"Cliquez ici pour en savoir plus: https:\/\/presbytie-lasik.fr\/presbylasik-2\/\nIl est possible pour le patient de venir en voiture mais il ne pourra pas repartir avec apr\u00e8s son op\u00e9ration. Il est donc conseill\u00e9 de venir accompagn\u00e9, car la vision reste floue pendant quelques heures apr\u00e8s la chirurgie.","thumbnailUrl":["https:\/\/i.ytimg.com\/vi\/p6nqLtYAyAs\/default.jpg","https:\/\/i.ytimg.com\/vi\/p6nqLtYAyAs\/mqdefault.jpg","https:\/\/i.ytimg.com\/vi\/p6nqLtYAyAs\/hqdefault.jpg","https:\/\/i.ytimg.com\/vi\/p6nqLtYAyAs\/sddefault.jpg"],"uploadDate":"2018-07-25T14:24:55+00:00","duration":"PT46S","embedUrl":"https:\/\/www.youtube.com\/embed\/p6nqLtYAyAs","publisher":{"@type":"Organization","@id":"https:\/\/www.youtube.com\/channel\/UCzXsBtCk5Kf3rI6J9FmeHXQ#Organization","url":"https:\/\/www.youtube.com\/channel\/UCzXsBtCk5Kf3rI6J9FmeHXQ","name":"Clinique de la Vision","description":"Avez-vous 40 ans ou plus? Souhaitez vous pouvoir lire sans lunettes?\n\nNous permettons aux patients de s\u2019affranchir de leurs lunettes et de leurs lentilles de contact de fa\u00e7on s\u00fbre et efficace.\n\nAppelez-nous pour prendre rendez-vous afin que nous puissions envisager votre bilan pour une chirurgie pour une vie sans lunettes.\n\nJe suis sp\u00e9cialis\u00e9e en chirurgie r\u00e9fractive et en chirurgie de la cataracte.\n\nJe m\u2019occupe principalement de patients atteints de presbytie ainsi que ceux ayant des probl\u00e8mes de vision comme la myopie, l\u2019hyperm\u00e9tropie et l\u2019astigmatisme.\n\nJe prends \u00e9galement en charge les patients souffrant de s\u00e9cheresse oculaire.\n\nObtenez notre guide gratuit sur la fa\u00e7on dont vous pouvez lire \u00e0 nouveau sans lunettes.\n\nDocteur Catherine Albou-Ganem, chirurgien r\u00e9fractif \u00e0 Paris, France.","logo":{"url":"https:\/\/yt3.ggpht.com\/ytc\/AIdro_krYxo974bNVVrQIyMi9bSlfxbdmp7vGJJYJ-6WgH1aog=s800-c-k-c0x00ffffff-no-rj","width":800,"height":800,"@type":"ImageObject","@id":"https:\/\/www.youtube.com\/watch?v=p6nqLtYAyAs#VideoObject_publisher_logo_ImageObject"}},"potentialAction":{"@type":"SeekToAction","@id":"https:\/\/www.youtube.com\/watch?v=p6nqLtYAyAs#VideoObject_potentialAction","target":"https:\/\/www.youtube.com\/watch?v=p6nqLtYAyAs&t={seek_to_second_number}","startOffset-input":"required name=seek_to_second_number"},"interactionStatistic":[[{"@type":"InteractionCounter","@id":"https:\/\/www.youtube.com\/watch?v=p6nqLtYAyAs#VideoObject_interactionStatistic_WatchAction","interactionType":{"@type":"WatchAction"},"userInteractionCount":101}]]},"about":["Chirurgie oculaire au laser","Presbytie"],"wordCount":70,"articleBody":"    Le patient peut venir en voiture mais il ne pourra pas conduire apr\u00e8s son op\u00e9ration.Il est donc conseill\u00e9 de venir accompagn\u00e9, car la vision reste floue pendant quelques heures apr\u00e8s l&rsquo;intervention.Cette pr\u00e9caution s&rsquo;applique \u00e0 toutes les interventions ophtalmologiques.\u00caTES-VOUS 40 OU PLUS?NOTRE SP\u00c9CIALIT\u00c9: PERMETTRE AUX PATIENTS DE TOUS \u00c2GES DE LIRE \u00c0 NOUVEAU SANS CORRECTION OPTIQUEPOUR EN SAVOIR PLUS &gt;"}