{"@context":"https:\/\/schema.org\/","@type":"BlogPosting","@id":"https:\/\/presbytie-lasik.fr\/que-ressentent-les-patients-apres-la-pose-dun-icl\/#BlogPosting","mainEntityOfPage":"https:\/\/presbytie-lasik.fr\/que-ressentent-les-patients-apres-la-pose-dun-icl\/","headline":"Que ressentent les patients apre\u0300s la pose dun ICL","name":"Que ressentent les patients apre\u0300s la pose dun ICL","description":"Vous vous demandez quel est le confort visuel des patients ayant b\u00e9n\u00e9fici\u00e9 d\u2019un ICL ? Regardez cette vid\u00e9o et nous vous garantissons que vous voudrez b\u00e9n\u00e9ficier de cette chirurgie. ","datePublished":"2021-01-29","dateModified":"2022-01-13","author":{"@type":"Person","@id":"https:\/\/presbytie-lasik.fr\/author\/catherine-albou-ganem\/#Person","name":"Catherine Albou-Ganem","url":"https:\/\/presbytie-lasik.fr\/author\/catherine-albou-ganem\/","identifier":9,"image":{"@type":"ImageObject","@id":"https:\/\/secure.gravatar.com\/avatar\/0cb09e128370b1b0ef94f271d65a66512213f8d3e4c4678a4d35da5eb1a9eb1f?s=96&d=mm&r=g","url":"https:\/\/secure.gravatar.com\/avatar\/0cb09e128370b1b0ef94f271d65a66512213f8d3e4c4678a4d35da5eb1a9eb1f?s=96&d=mm&r=g","height":96,"width":96}},"publisher":{"@type":"Organization","name":"Docteur Catherine Albou-Ganem","logo":{"@type":"ImageObject","@id":"https:\/\/presbytie-lasik.fr\/wp-content\/uploads\/2018\/07\/logoAlbouCouleurPNG-1.png","url":"https:\/\/presbytie-lasik.fr\/wp-content\/uploads\/2018\/07\/logoAlbouCouleurPNG-1.png","width":400,"height":164}},"image":{"@type":"ImageObject","@id":"https:\/\/presbytie-lasik.fr\/wp-content\/uploads\/2020\/11\/Que-ressentent-les-patients-apre\u0300s-la-pose-dun-ICL-Catherine-Albou-Ganem-Clinique-de-la-Vision-Paris.jpg","url":"https:\/\/presbytie-lasik.fr\/wp-content\/uploads\/2020\/11\/Que-ressentent-les-patients-apre\u0300s-la-pose-dun-ICL-Catherine-Albou-Ganem-Clinique-de-la-Vision-Paris.jpg","height":1080,"width":1920},"url":"https:\/\/presbytie-lasik.fr\/que-ressentent-les-patients-apres-la-pose-dun-icl\/","video":{"@context":"http:\/\/schema.org\/","@type":"VideoObject","@id":"https:\/\/www.youtube.com\/watch?v=pidrlhmfsyk#VideoObject","contentUrl":"https:\/\/www.youtube.com\/watch?v=pidrlhmfsyk","name":"Que ressentent les patients apre\u0300s la pose d\u2019un ICL ?","description":"Cliquez ici pour en savoir plus: https:\/\/presbytie-lasik.fr\/les-implants-phaques-icl-pour-les-moins-de-40-ans\/","thumbnailUrl":["https:\/\/i.ytimg.com\/vi\/pidrlhmfsyk\/default.jpg","https:\/\/i.ytimg.com\/vi\/pidrlhmfsyk\/mqdefault.jpg","https:\/\/i.ytimg.com\/vi\/pidrlhmfsyk\/hqdefault.jpg","https:\/\/i.ytimg.com\/vi\/pidrlhmfsyk\/sddefault.jpg"],"uploadDate":"2020-12-01T08:22:15+00:00","duration":"PT55S","embedUrl":"https:\/\/www.youtube.com\/embed\/pidrlhmfsyk","publisher":{"@type":"Organization","@id":"https:\/\/www.youtube.com\/channel\/UCzXsBtCk5Kf3rI6J9FmeHXQ#Organization","url":"https:\/\/www.youtube.com\/channel\/UCzXsBtCk5Kf3rI6J9FmeHXQ","name":"Clinique de la Vision","description":"Avez-vous 40 ans ou plus? Souhaitez vous pouvoir lire sans lunettes?\n\nNous permettons aux patients de s\u2019affranchir de leurs lunettes et de leurs lentilles de contact de fa\u00e7on s\u00fbre et efficace.\n\nAppelez-nous pour prendre rendez-vous afin que nous puissions envisager votre bilan pour une chirurgie pour une vie sans lunettes.\n\nJe suis sp\u00e9cialis\u00e9e en chirurgie r\u00e9fractive et en chirurgie de la cataracte.\n\nJe m\u2019occupe principalement de patients atteints de presbytie ainsi que ceux ayant des probl\u00e8mes de vision comme la myopie, l\u2019hyperm\u00e9tropie et l\u2019astigmatisme.\n\nJe prends \u00e9galement en charge les patients souffrant de s\u00e9cheresse oculaire.\n\nObtenez notre guide gratuit sur la fa\u00e7on dont vous pouvez lire \u00e0 nouveau sans lunettes.\n\nDocteur Catherine Albou-Ganem, chirurgien r\u00e9fractif \u00e0 Paris, France.","logo":{"url":"https:\/\/yt3.ggpht.com\/ytc\/AIdro_krYxo974bNVVrQIyMi9bSlfxbdmp7vGJJYJ-6WgH1aog=s800-c-k-c0x00ffffff-no-rj","width":800,"height":800,"@type":"ImageObject","@id":"https:\/\/www.youtube.com\/watch?v=pidrlhmfsyk#VideoObject_publisher_logo_ImageObject"}},"potentialAction":{"@type":"SeekToAction","@id":"https:\/\/www.youtube.com\/watch?v=pidrlhmfsyk#VideoObject_potentialAction","target":"https:\/\/www.youtube.com\/watch?v=pidrlhmfsyk&t={seek_to_second_number}","startOffset-input":"required name=seek_to_second_number"},"interactionStatistic":[[{"@type":"InteractionCounter","@id":"https:\/\/www.youtube.com\/watch?v=pidrlhmfsyk#VideoObject_interactionStatistic_WatchAction","interactionType":{"@type":"WatchAction"},"userInteractionCount":57}]]},"about":["Chirurgie oculaire au laser","ICL"],"wordCount":116,"articleBody":"    Le sentiment qu&rsquo;ont les patients apr\u00e8s avoir \u00e9t\u00e9 op\u00e9r\u00e9s par implant phake, c&rsquo;est, je dirais souvent ils nous emploient ce terme de renaissance. Ils ont l&rsquo;impression de revivre. Pour eux ils arrivent \u00e0 voir des choses qu&rsquo;ils n&rsquo;ont jamais vues sans lunettes bien \u00e9videmment et m\u00eame avec leur correction, comme elle d\u00e9forme sur les c\u00f4t\u00e9s, il y a des aberrations optiques qui font que leur champ de vision est nettement meilleur, leur acuit\u00e9 visuelle est souvent meilleure que celle qu&rsquo;ils ont avec leurs lunettes. Ils ont vraiment l&rsquo;impression de rena\u00eetre, de revivre.fusion_global=\u00a0\u00bb6778&Prime;]"}